{"id":10782,"date":"2024-09-25T17:17:08","date_gmt":"2024-09-25T20:17:08","guid":{"rendered":"https:\/\/blogdodanielgalvao.com.br\/site\/?p=10782"},"modified":"2024-10-09T17:24:50","modified_gmt":"2024-10-09T20:24:50","slug":"estado-do-rio-cobra-enel-por-problemas-no-fornecimento-de-energia-em-cabo-frio","status":"publish","type":"post","link":"https:\/\/blogdodanielgalvao.com.br\/site\/estado-do-rio-cobra-enel-por-problemas-no-fornecimento-de-energia-em-cabo-frio\/","title":{"rendered":"Estado do Rio cobra Enel por problemas no fornecimento de energia em Cabo Frio"},"content":{"rendered":"<p>A Autarquia de Prote\u00e7\u00e3o e Defesa do Consumidor do Estado do Rio (PROCON-RJ) cobrou da empresa Enel esclarecimentos sobre os problemas recorrentes no fornecimento de energia el\u00e9trica no bairro Foguete, em Cabo Frio.<\/p>\n<p>De acordo com a notifica\u00e7\u00e3o do \u00f3rg\u00e3o vinculado \u00e0 Secretaria Estadual de Defesa do Consumidor, a concession\u00e1ria respons\u00e1vel pelo fornecimento de energia el\u00e9trica em 66 dos 92 munic\u00edpios fluminenses tem at\u00e9 o pr\u00f3ximo dia 28 para responder \u00e0 cobran\u00e7a sob risco de penalidades.<\/p>\n<p>A cobran\u00e7a do PROCON-RJ teria partido de 3 reclama\u00e7\u00f5es recebidas pelo \u00f3rg\u00e3o de moradores de Cabo Frio atrav\u00e9s do sistema ProConsumidor, que relataram tentar resolver o problema com a concession\u00e1ria, mas sem sucesso.<\/p>\n<p>O \u00f3rg\u00e3o estadual teria tomado conhecimento das reclama\u00e7\u00f5es em of\u00edcio do gabinete do presidente da C\u00e2mara de Cabo Frio, vereador Miguel Alencar (UNI\u00c3O), que \u00e9 candidato a vice-prefeito da cidade na chapa do deputado estadual Dr. Serginho (PL).<\/p>\n<p>Presidente do PROCON-RJ, C\u00e1ssio Coelho explica que o excesso de carga em hor\u00e1rios de pico pode ser muito prejudicial aos consumidores, podendo causar perda de bens e equipamentos, al\u00e9m de colocar em risco a sa\u00fade e a seguran\u00e7a da popula\u00e7\u00e3o, que pode enfrentar problemas ainda para exercer atividades profissionais e educacionais.<\/p>\n<p>Nos questionamentos feitos \u00e0 Enel, o PROCON-RJ exige que a\u00a0concession\u00e1ria\u00a0explique as raz\u00f5es para a reiteradas interrup\u00e7\u00f5es no fornecimento de energia no bairro Foguete, e se o problema j\u00e1 foi resolvido pela empresa.<\/p>\n<p>Al\u00e9m disso, o PROCON-RJ quer saber quais medidas foram ou est\u00e3o sendo adotadas para mitigar os impactos das falhas no fornecimento de energia, e se h\u00e1 previs\u00e3o de investimentos na rede el\u00e9trica de distribui\u00e7\u00e3o na regi\u00e3o de Cabo Frio.<\/p>\n<p>O \u00f3rg\u00e3o estadual questiona ainda se haver\u00e1 compensa\u00e7\u00e3o de faturamento para os consumidores afetados, conforme determina a Ag\u00eancia Nacional de Energia El\u00e9trica (ANEEL), e quais medidas est\u00e3o sendo tomadas para ressarcir os consumidores pelas perdas decorrentes das falhas no fornecimento de energia.<\/p>\n<p>Os casos j\u00e1 tinham sido relatados semanas antes, quando moradores do bairro Foguete cobravam a Enel por apag\u00f5es frequentes, al\u00e9m dos formandos do Instituto Federal Fluminense (IFF), campus Cabo Frio, que ficaram no escuro a maior parte de suas formaturas, na \u00faltima sexta-feira, 13, devido \u00e0 queda de energia na Estrada de B\u00fazios.<\/p>\n<p>\u201cNos \u00faltimos dias 11, 12 e 13 de setembro o IFF Cabo Frio e todo o bairro da Ba\u00eda Formosa, no limite entre Cabo Frio e B\u00fazios, sofreram diversas quedas de energia el\u00e9trica, culminando com a interrup\u00e7\u00e3o total do fornecimento no dia 13, \u00faltima sexta-feira, das 15h \u00e0s 21h. A institui\u00e7\u00e3o sofre h\u00e1 anos com constantes picos de energia e quedas de luz, ocasionados por problemas no fornecimento externo de responsabilidade da concession\u00e1ria de energia el\u00e9trica. Neste \u00faltimo dia 13, acontecia no IFF Cabo Frio o evento de formatura dos estudantes dos cursos de Gradua\u00e7\u00e3o, onde 54 estudantes recebiam diplomas como engenheiros mec\u00e2nicos, bi\u00f3logos, qu\u00edmicos, gastr\u00f4nomos e tecn\u00f3logos em Hotelaria. A interrup\u00e7\u00e3o de energia afetou drasticamente a cerim\u00f4nia, fazendo com que o evento fosse conduzido sem sistema de som, sem condicionamento de ar, e sob a ilumina\u00e7\u00e3o das lanternas dos celulares dos convidados\u201d, contou em nota o IFF Cabo Frio, na \u00e9poca.<\/p>\n<p>Essa n\u00e3o \u00e9 a 1\u00aa vez que o PROCON-RJ cobra a Enel por problemas no fornecimento de energia em munic\u00edpios fluminenses, j\u00e1 tendo multado a concession\u00e1ria em mais de 122 mil reais, apenas nos \u00faltimos 2 anos, por falhas na presta\u00e7\u00e3o dos servi\u00e7os em outros munic\u00edpios do Estado, entre eles Quissam\u00e3, no Norte Fluminense.<\/p>\n","protected":false},"excerpt":{"rendered":"<p>A Autarquia de Prote\u00e7\u00e3o e Defesa do Consumidor do Estado do Rio (PROCON-RJ) cobrou da empresa Enel esclarecimentos sobre os problemas recorrentes no fornecimento de energia el\u00e9trica no bairro Foguete, em Cabo Frio. De acordo com a notifica\u00e7\u00e3o do \u00f3rg\u00e3o vinculado \u00e0 Secretaria Estadual de Defesa do Consumidor, a concession\u00e1ria respons\u00e1vel pelo fornecimento de energia [&hellip;]<\/p>\n","protected":false},"author":2,"featured_media":10783,"comment_status":"open","ping_status":"open","sticky":true,"template":"","format":"standard","meta":{"footnotes":""},"categories":[824,340,9,14,5],"tags":[],"class_list":["post-10782","post","type-post","status-publish","format-standard","has-post-thumbnail","hentry","category-buzios","category-cabo-frio","category-estado","category-geral","category-quissama"],"_links":{"self":[{"href":"https:\/\/blogdodanielgalvao.com.br\/site\/wp-json\/wp\/v2\/posts\/10782","targetHints":{"allow":["GET"]}}],"collection":[{"href":"https:\/\/blogdodanielgalvao.com.br\/site\/wp-json\/wp\/v2\/posts"}],"about":[{"href":"https:\/\/blogdodanielgalvao.com.br\/site\/wp-json\/wp\/v2\/types\/post"}],"author":[{"embeddable":true,"href":"https:\/\/blogdodanielgalvao.com.br\/site\/wp-json\/wp\/v2\/users\/2"}],"replies":[{"embeddable":true,"href":"https:\/\/blogdodanielgalvao.com.br\/site\/wp-json\/wp\/v2\/comments?post=10782"}],"version-history":[{"count":1,"href":"https:\/\/blogdodanielgalvao.com.br\/site\/wp-json\/wp\/v2\/posts\/10782\/revisions"}],"predecessor-version":[{"id":10784,"href":"https:\/\/blogdodanielgalvao.com.br\/site\/wp-json\/wp\/v2\/posts\/10782\/revisions\/10784"}],"wp:featuredmedia":[{"embeddable":true,"href":"https:\/\/blogdodanielgalvao.com.br\/site\/wp-json\/wp\/v2\/media\/10783"}],"wp:attachment":[{"href":"https:\/\/blogdodanielgalvao.com.br\/site\/wp-json\/wp\/v2\/media?parent=10782"}],"wp:term":[{"taxonomy":"category","embeddable":true,"href":"https:\/\/blogdodanielgalvao.com.br\/site\/wp-json\/wp\/v2\/categories?post=10782"},{"taxonomy":"post_tag","embeddable":true,"href":"https:\/\/blogdodanielgalvao.com.br\/site\/wp-json\/wp\/v2\/tags?post=10782"}],"curies":[{"name":"wp","href":"https:\/\/api.w.org\/{rel}","templated":true}]}}