{"id":10779,"date":"2024-09-22T09:56:44","date_gmt":"2024-09-22T12:56:44","guid":{"rendered":"https:\/\/blogdodanielgalvao.com.br\/site\/?p=10779"},"modified":"2024-09-20T17:00:14","modified_gmt":"2024-09-20T20:00:14","slug":"bolsa-familia-chega-a-163-milhao-de-familias-do-rio-de-janeiro-em-setembro","status":"publish","type":"post","link":"https:\/\/blogdodanielgalvao.com.br\/site\/bolsa-familia-chega-a-163-milhao-de-familias-do-rio-de-janeiro-em-setembro\/","title":{"rendered":"Bolsa Fam\u00edlia chega a 1,63 milh\u00e3o de fam\u00edlias do Rio de Janeiro em setembro"},"content":{"rendered":"<p>O Rio de Janeiro ter\u00e1, em setembro, 1.635.085 fam\u00edlias contempladas pelo programa Bolsa Fam\u00edlia do Governo Federal. Os benefici\u00e1rios come\u00e7am a receber os repasses nesta ter\u00e7a-feira, dia 17, e o cronograma de pagamentos, escalonado de acordo com o final do N\u00famero de Identifica\u00e7\u00e3o Social (NIS), segue at\u00e9 o dia 30 (confira tabela). O valor m\u00e9dio do benef\u00edcio no estado \u00e9 de R$ 673,22, a partir de um investimento federal de mais de R$ 1 bilh\u00e3o.<\/p>\n<p>Dentro dos valores adicionais previstos no Bolsa Fam\u00edlia, Rio de Janeiro tem 653,2 mil crian\u00e7as de zero a seis anos contempladas com o Benef\u00edcio Primeira Inf\u00e2ncia, que representa um adicional de R$ 150 a cada crian\u00e7a dessa faixa et\u00e1ria na composi\u00e7\u00e3o familiar. O investimento federal para atender este p\u00fablico supera R$ 92,9 milh\u00f5es.Outros benef\u00edcios complementares, todos no valor adicional de R$ 50, chegam a 1,13 milh\u00e3o crian\u00e7as de sete a 18 anos, a 67.282 gestantes e 22.812 nutrizes no estado. Somados, os pagamentos destes benef\u00edcios chegam a R$ 56,7 milh\u00f5es.<\/p>\n<p>A capital, Rio de Janeiro, \u00e9 a cidade com maior n\u00famero de contemplados pelo Bolsa Fam\u00edlia no estado em setembro, com 530,9 mil fam\u00edlias. Na sequ\u00eancia dos cinco munic\u00edpios com maior n\u00famero de benefici\u00e1rios aparecem Nova Igua\u00e7u (125,1 mil), Duque de Caxias (112,7 mil), S\u00e3o Gon\u00e7alo (77,3 mil) e Belford Roxo (77,2 mil).Itagua\u00ed, cidade com 116,8 mil habitantes e com 15.158 fam\u00edlias benefici\u00e1rias pelo Bolsa Fam\u00edlia, \u00e9 o munic\u00edpio fluminense com maior valor m\u00e9dio registrado neste m\u00eas: R$ 701,36. Na sequ\u00eancia no estado aparecem Varre-Sai (R$ 700,79), Nova Igua\u00e7u (R$ 699,12), Cordeiro (R$ 693,67) e Maca\u00e9 (R$ 693,10).<\/p>\n<p>NACIONAL \u2014 Em \u00e2mbito nacional, o programa registra em setembro 20,71 milh\u00f5es de fam\u00edlias contempladas nos 5.570 munic\u00edpios. O n\u00famero total de pessoas diretamente beneficiadas \u00e9 de 54,3 milh\u00f5es. Com valor m\u00e9dio de repasse de R$ 684,27, o investimento do Governo Federal chega a R$ 14,14 bilh\u00f5es.<\/p>\n<p>PRIMEIRA INF\u00c2NCIA \u2014 Dentro da cesta de benef\u00edcios estabelecida com a retomada do Bolsa Fam\u00edlia em 2023, 9,3 milh\u00f5es de crian\u00e7as de zero a seis anos que integram fam\u00edlias inscritas no programa recebem neste m\u00eas o Benef\u00edcio Primeira Inf\u00e2ncia (BPI), um valor adicional de R$ 150. Para isso, ser\u00e3o investidos R$ 1,13 bilh\u00e3o em recursos federais.<\/p>\n<p>ADICIONAIS DE R$ 50 \u2014 Outros 12,32 milh\u00f5es de crian\u00e7as e adolescentes de sete a 16 anos incompletos recebem o Benef\u00edcio Vari\u00e1vel Familiar Crian\u00e7a. Somam-se a eles 3,23 milh\u00f5es de adolescentes de 16 a 18 anos amparados pelo Benef\u00edcio Vari\u00e1vel Familiar Adolescente. Ambos representam um adicional de R$ 50 a cada integrante da fam\u00edlia nessa faixa et\u00e1ria, mesmo valor a mais recebido por 1,2 milh\u00e3o de gestantes e 416,1 mil nutrizes inclu\u00eddas nas composi\u00e7\u00f5es familiares.<\/p>\n<p>PERFIL \u2014 Como costuma ocorrer no programa de transfer\u00eancia de renda do Governo Federal, 83,4% dos respons\u00e1veis familiares s\u00e3o mulheres: 17,28 milh\u00f5es. Na folha de pagamento de setembro, 1,1 milh\u00e3o de pessoas pertencem a p\u00fablicos considerados priorit\u00e1rios, em raz\u00e3o de estarem em situa\u00e7\u00e3o de maior vulnerabilidade. S\u00e3o 232,7 mil fam\u00edlias com pessoas ind\u00edgenas, 264,4 mil com quilombolas, 391,5 mil com catadores de material recicl\u00e1vel e 223,5 mil com pessoas em situa\u00e7\u00e3o de rua.<\/p>\n<p>PROTE\u00c7\u00c3O \u2014 Outra cria\u00e7\u00e3o da nova vers\u00e3o do Bolsa Fam\u00edlia, a Regra de Prote\u00e7\u00e3o permite aos benefici\u00e1rios permanecerem no programa por at\u00e9 dois anos mesmo depois de conseguirem emprego com carteira assinada ou aumento de renda. Nesse caso, a fam\u00edlia recebe 50% do valor. Esse par\u00e2metro atinge, em setembro, 2,64 milh\u00f5es de fam\u00edlias.<\/p>\n<p>REGI\u00d5ES \u2014 No recorte por unidades da Federa\u00e7\u00e3o, a regi\u00e3o Nordeste re\u00fane o maior n\u00famero de contemplados em setembro. S\u00e3o 9,38 milh\u00f5es de benefici\u00e1rios, a partir de um investimento de R$ 6,4 bilh\u00f5es. Na sequ\u00eancia aparece a regi\u00e3o Sudeste (6,02 milh\u00f5es de fam\u00edlias e R$ 4,03 bilh\u00f5es em repasses), seguida por Norte (2,62 milh\u00f5es de fam\u00edlias e R$ 1,88 bilh\u00e3o em repasses), Sul (1,52 milh\u00e3o de benefici\u00e1rios e R$ 1,02 bilh\u00e3o em repasses) e Centro-Oeste (1,14 milh\u00e3o de contemplados e R$ 787,2 milh\u00f5es em repasses).<\/p>\n","protected":false},"excerpt":{"rendered":"<p>O Rio de Janeiro ter\u00e1, em setembro, 1.635.085 fam\u00edlias contempladas pelo programa Bolsa Fam\u00edlia do Governo Federal. Os benefici\u00e1rios come\u00e7am a receber os repasses nesta ter\u00e7a-feira, dia 17, e o cronograma de pagamentos, escalonado de acordo com o final do N\u00famero de Identifica\u00e7\u00e3o Social (NIS), segue at\u00e9 o dia 30 (confira tabela). O valor m\u00e9dio [&hellip;]<\/p>\n","protected":false},"author":2,"featured_media":10780,"comment_status":"open","ping_status":"open","sticky":true,"template":"","format":"standard","meta":{"footnotes":""},"categories":[9,14,304],"tags":[],"class_list":["post-10779","post","type-post","status-publish","format-standard","has-post-thumbnail","hentry","category-estado","category-geral","category-rio-de-janeiro"],"_links":{"self":[{"href":"https:\/\/blogdodanielgalvao.com.br\/site\/wp-json\/wp\/v2\/posts\/10779","targetHints":{"allow":["GET"]}}],"collection":[{"href":"https:\/\/blogdodanielgalvao.com.br\/site\/wp-json\/wp\/v2\/posts"}],"about":[{"href":"https:\/\/blogdodanielgalvao.com.br\/site\/wp-json\/wp\/v2\/types\/post"}],"author":[{"embeddable":true,"href":"https:\/\/blogdodanielgalvao.com.br\/site\/wp-json\/wp\/v2\/users\/2"}],"replies":[{"embeddable":true,"href":"https:\/\/blogdodanielgalvao.com.br\/site\/wp-json\/wp\/v2\/comments?post=10779"}],"version-history":[{"count":1,"href":"https:\/\/blogdodanielgalvao.com.br\/site\/wp-json\/wp\/v2\/posts\/10779\/revisions"}],"predecessor-version":[{"id":10781,"href":"https:\/\/blogdodanielgalvao.com.br\/site\/wp-json\/wp\/v2\/posts\/10779\/revisions\/10781"}],"wp:featuredmedia":[{"embeddable":true,"href":"https:\/\/blogdodanielgalvao.com.br\/site\/wp-json\/wp\/v2\/media\/10780"}],"wp:attachment":[{"href":"https:\/\/blogdodanielgalvao.com.br\/site\/wp-json\/wp\/v2\/media?parent=10779"}],"wp:term":[{"taxonomy":"category","embeddable":true,"href":"https:\/\/blogdodanielgalvao.com.br\/site\/wp-json\/wp\/v2\/categories?post=10779"},{"taxonomy":"post_tag","embeddable":true,"href":"https:\/\/blogdodanielgalvao.com.br\/site\/wp-json\/wp\/v2\/tags?post=10779"}],"curies":[{"name":"wp","href":"https:\/\/api.w.org\/{rel}","templated":true}]}}