{"id":10776,"date":"2024-09-21T09:52:53","date_gmt":"2024-09-21T12:52:53","guid":{"rendered":"https:\/\/blogdodanielgalvao.com.br\/site\/?p=10776"},"modified":"2024-09-20T17:00:07","modified_gmt":"2024-09-20T20:00:07","slug":"bcg-vacinacao-somente-as-sextas-feiras-no-posto-do-suspiro","status":"publish","type":"post","link":"https:\/\/blogdodanielgalvao.com.br\/site\/bcg-vacinacao-somente-as-sextas-feiras-no-posto-do-suspiro\/","title":{"rendered":"BCG: vacina\u00e7\u00e3o somente \u00e0s sextas-feiras no posto do Suspiro"},"content":{"rendered":"<p style=\"text-align: center;\"><em><strong>Dose deve ser aplicada nas primeiras 12 horas de vida do beb\u00ea<\/strong><\/em><\/p>\n<p>A Secretaria Municipal de Sa\u00fade de Nova Friburgo emitiu um comunicado informando que a partir desta sexta-feira, 21, a aplica\u00e7\u00e3o da vacina BCG ser\u00e1 disponibilizada exclusivamente na sala 9 do posto S\u00edlvio Henrique Braune, no Suspiro, das 8h \u00e0s 13h. A aplica\u00e7\u00e3o deste imunizante acontecer\u00e1 nesta unidade todas as sextas-feiras, neste mesmo hor\u00e1rio.<\/p>\n<p>A Secretaria de Sa\u00fade informou tamb\u00e9m que, temporariamente, a sala de vacina do posto de sa\u00fade Jos\u00e9 Copertino Nogueira, em S\u00e3o Geraldo, est\u00e1 fechada para manuten\u00e7\u00e3o corretiva da c\u00e2mara de armazenamento de vacinas. Todas as vacinas oferecidas nesta unidade est\u00e3o sendo disponibilizadas nos demais postos de sa\u00fade do Suspiro; Waldir Costa, em Conselheiro Paulino; Tunney Kassuga, no bairro Olaria, e Ariosto Bento de Mello, no Cordoeira.<\/p>\n<p><strong>BCG: prote\u00e7\u00e3o contra a tuberculose\u00a0<\/strong><\/p>\n<p>\u00c9 logo ao nascer, se poss\u00edvel ainda nas primeiras 12 horas de vida, que os beb\u00eas devem receber a vacina BCG. Conhecida por deixar uma marca na parte superior do bra\u00e7o direito, ela protege o organismo da\u00a0<em>Mycobacterium tuberculosis<\/em>, a bact\u00e9ria causadora da tuberculose.<\/p>\n<p>O objetivo da vacina\u00e7\u00e3o precoce, considerada at\u00e9 hoje a melhor forma de prevenir as formas graves da doen\u00e7a entre os pequenos, \u00e9 justamente garantir que o sistema imunol\u00f3gico da crian\u00e7a, ainda imaturo, aprenda a se defender do bacilo que causa a enfermidade. Como a tuberculose \u00e9 end\u00eamica no Brasil, com alta incid\u00eancia em todo o territ\u00f3rio nacional, o risco de contato com o microrganismo desde cedo \u00e9 bastante alto.<\/p>\n<p>De acordo com o Minist\u00e9rio da Sa\u00fade, desde 2020 a incid\u00eancia da doen\u00e7a tem aumentado entre os menores de 15 anos no pa\u00eds. Em 2023, o p\u00fablico representou quase 4% dos mais de 80 mil casos registrados \u2013 sendo a maior propor\u00e7\u00e3o entre crian\u00e7as de 0 a 10 anos.<\/p>\n","protected":false},"excerpt":{"rendered":"<p>Dose deve ser aplicada nas primeiras 12 horas de vida do beb\u00ea A Secretaria Municipal de Sa\u00fade de Nova Friburgo emitiu um comunicado informando que a partir desta sexta-feira, 21, a aplica\u00e7\u00e3o da vacina BCG ser\u00e1 disponibilizada exclusivamente na sala 9 do posto S\u00edlvio Henrique Braune, no Suspiro, das 8h \u00e0s 13h. A aplica\u00e7\u00e3o deste [&hellip;]<\/p>\n","protected":false},"author":2,"featured_media":10777,"comment_status":"open","ping_status":"open","sticky":true,"template":"","format":"standard","meta":{"footnotes":""},"categories":[9,14,321],"tags":[],"class_list":["post-10776","post","type-post","status-publish","format-standard","has-post-thumbnail","hentry","category-estado","category-geral","category-nova-friburgo"],"_links":{"self":[{"href":"https:\/\/blogdodanielgalvao.com.br\/site\/wp-json\/wp\/v2\/posts\/10776","targetHints":{"allow":["GET"]}}],"collection":[{"href":"https:\/\/blogdodanielgalvao.com.br\/site\/wp-json\/wp\/v2\/posts"}],"about":[{"href":"https:\/\/blogdodanielgalvao.com.br\/site\/wp-json\/wp\/v2\/types\/post"}],"author":[{"embeddable":true,"href":"https:\/\/blogdodanielgalvao.com.br\/site\/wp-json\/wp\/v2\/users\/2"}],"replies":[{"embeddable":true,"href":"https:\/\/blogdodanielgalvao.com.br\/site\/wp-json\/wp\/v2\/comments?post=10776"}],"version-history":[{"count":1,"href":"https:\/\/blogdodanielgalvao.com.br\/site\/wp-json\/wp\/v2\/posts\/10776\/revisions"}],"predecessor-version":[{"id":10778,"href":"https:\/\/blogdodanielgalvao.com.br\/site\/wp-json\/wp\/v2\/posts\/10776\/revisions\/10778"}],"wp:featuredmedia":[{"embeddable":true,"href":"https:\/\/blogdodanielgalvao.com.br\/site\/wp-json\/wp\/v2\/media\/10777"}],"wp:attachment":[{"href":"https:\/\/blogdodanielgalvao.com.br\/site\/wp-json\/wp\/v2\/media?parent=10776"}],"wp:term":[{"taxonomy":"category","embeddable":true,"href":"https:\/\/blogdodanielgalvao.com.br\/site\/wp-json\/wp\/v2\/categories?post=10776"},{"taxonomy":"post_tag","embeddable":true,"href":"https:\/\/blogdodanielgalvao.com.br\/site\/wp-json\/wp\/v2\/tags?post=10776"}],"curies":[{"name":"wp","href":"https:\/\/api.w.org\/{rel}","templated":true}]}}