{"id":10769,"date":"2024-09-19T17:15:04","date_gmt":"2024-09-19T20:15:04","guid":{"rendered":"https:\/\/blogdodanielgalvao.com.br\/site\/?p=10769"},"modified":"2024-09-20T16:42:42","modified_gmt":"2024-09-20T19:42:42","slug":"concessionaria-de-saneamento-de-rio-das-ostras-anuncia-projeto-voltado-para-o-meio-ambiente","status":"publish","type":"post","link":"https:\/\/blogdodanielgalvao.com.br\/site\/concessionaria-de-saneamento-de-rio-das-ostras-anuncia-projeto-voltado-para-o-meio-ambiente\/","title":{"rendered":"Concession\u00e1ria de saneamento de Rio das Ostras anuncia projeto voltado para o meio ambiente"},"content":{"rendered":"<p>Concession\u00e1ria respons\u00e1vel pelos servi\u00e7os de saneamento em Rio das Ostras, a Rio+Saneamento, do Grupo \u00c1guas do Brasil, anunciou o desenvolvimento de um projeto de sustentabilidade no munic\u00edpio.<\/p>\n<p>Segundo a empresa, o projeto consiste na utiliza\u00e7\u00e3o do lodo gerado na Esta\u00e7\u00e3o de Tratamento de \u00c1gua (ETA) de Rio Dourado para a fabrica\u00e7\u00e3o de cer\u00e2mica para a constru\u00e7\u00e3o civil, como tijolos e telhas.<\/p>\n<p>\u201cAl\u00e9m das opera\u00e7\u00f5es di\u00e1rias e obras de saneamento realizadas nas cidades onde atua, a Rio+Saneamento est\u00e1 sempre desenvolvendo projetos que visam uma infraestrutura sustent\u00e1vel para os sistemas de \u00e1gua e esgoto, otimizando atividades importantes e alinhadas com a preserva\u00e7\u00e3o do meio ambiente e o desenvolvimento da economia circular\u201d, divulgou a concession\u00e1ria nessa semana.<\/p>\n<p>A Rio+Saneamento explica que o lodo \u00e9 o res\u00edduo final gerado no processo de tratamento de \u00e1gua ou de esgoto e, at\u00e9 ent\u00e3o, era descartado em um aterro sanit\u00e1rio de uma cidade pr\u00f3xima, conforme previsto na legisla\u00e7\u00e3o.<\/p>\n<p>De acordo com o coordenador de Opera\u00e7\u00f5es da Rio+Saneamento, Lucas Rachid, a iniciativa de incorporar esse lodo como mat\u00e9ria-prima na produ\u00e7\u00e3o de cer\u00e2mica vem de uma proposta j\u00e1 trabalhada pelo Grupo \u00c1guas do Brasil, visando uma estrutura mais sustent\u00e1vel de saneamento e a economia circular.<\/p>\n<p>\u201cN\u00f3s estamos otimizando a estrutura e log\u00edstica de processos para viabilizar melhor o transporte e a disposi\u00e7\u00e3o do lodo gerado da ETA Rio Dourado. Esse projeto \u00e9 muito importante para nosso trabalho em Rio das Ostras, pois n\u00e3o ocupamos o aterro sanit\u00e1rio, e temos uma perspectiva ambiental mais promissora com essas pr\u00e1ticas, trazendo mais sustentabilidade na infraestrutura do saneamento\u201d, contou Lucas Rachid.<\/p>\n<p>A Rio+Saneamento revelou ainda que enviou, no \u00faltimo m\u00eas de agosto, uma equipe do setor de opera\u00e7\u00f5es em Rio das Ostras para visitar a Cer\u00e2mica Maraj\u00f3, em Tangu\u00e1, na Regi\u00e3o Metropolitana do Rio, que ser\u00e1 respons\u00e1vel pelo processo de fabrica\u00e7\u00e3o das cer\u00e2micas.<\/p>\n<p>\u201cN\u00f3s iniciamos o preparo com um \u2018blend\u2019, que \u00e9 uma mistura das mat\u00e9rias-primas que usamos para a fabrica\u00e7\u00e3o dos tijolos e outros produtos. Nesse \u2018blend\u2019, utilizamos 3 tipos de argila e conseguimos incorporar de 10% a 20% do lodo que recebemos da concession\u00e1ria em cada mistura. Essa \u00e9 uma das taxas de volume de lodo mais altas que atingimos aqui. Da\u00ed temos o material pronto para toda a produ\u00e7\u00e3o, com menor impacto ao meio ambiente\u201d, explicou Rodolfo Nunes, dono da empresa.<\/p>\n<p>Superintendente de Sustentabilidade da Rio+Saneamento, Nelson Carvalho refor\u00e7a que o projeto prev\u00ea tamb\u00e9m a redu\u00e7\u00e3o do consumo de recursos naturais, contribuindo para 1 dos 17 Objetivos do Desenvolvimento Sustent\u00e1vel (ODSs), da Organiza\u00e7\u00e3o das Na\u00e7\u00f5es Unidas (ONU).<\/p>\n<p>\u201cCom essas pr\u00e1ticas, \u2018oportunizamos\u2019 a redu\u00e7\u00e3o de consumo de recursos naturais em outras cadeias de valor, e contribu\u00edmos para o Objetivo do Desenvolvimento Sustent\u00e1vel (ODS 12), que trata do consumo e produ\u00e7\u00e3o respons\u00e1veis, priorizados em nossa estrat\u00e9gia\u201d, acredita Nelson Carvalho.<\/p>\n<p>J\u00e1 o superintendente regional de Opera\u00e7\u00f5es da Rio+Saneamento, Christian Portugal, defende que essas iniciativas s\u00e3o fundamentais para o fortalecimento dos sistemas de \u00e1gua e esgoto, tanto na visibilidade econ\u00f4mica como na ambiental.<\/p>\n<p>\u201cEm v\u00e1rios lugares do pa\u00eds, o lodo \u00e9 descartado em rios e mananciais, causando s\u00e9rios problemas como polui\u00e7\u00e3o e assoreamento. Na Rio+, al\u00e9m da implanta\u00e7\u00e3o de tecnologias, adotamos alternativas para destinar res\u00edduos gerados nos processos de tratamento de \u00e1gua e esgoto para outras finalidades assim como a cer\u00e2mica, e de forma sustent\u00e1vel, preservando os corpos h\u00eddricos e todo ambiente, impactando positivamente a qualidade de vida das pessoas\u201d, concluiu Christian Portugal.<\/p>\n","protected":false},"excerpt":{"rendered":"<p>Concession\u00e1ria respons\u00e1vel pelos servi\u00e7os de saneamento em Rio das Ostras, a Rio+Saneamento, do Grupo \u00c1guas do Brasil, anunciou o desenvolvimento de um projeto de sustentabilidade no munic\u00edpio. Segundo a empresa, o projeto consiste na utiliza\u00e7\u00e3o do lodo gerado na Esta\u00e7\u00e3o de Tratamento de \u00c1gua (ETA) de Rio Dourado para a fabrica\u00e7\u00e3o de cer\u00e2mica para a [&hellip;]<\/p>\n","protected":false},"author":2,"featured_media":10770,"comment_status":"open","ping_status":"open","sticky":true,"template":"","format":"standard","meta":{"footnotes":""},"categories":[9,14,4],"tags":[],"class_list":["post-10769","post","type-post","status-publish","format-standard","has-post-thumbnail","hentry","category-estado","category-geral","category-rio-das-ostras"],"_links":{"self":[{"href":"https:\/\/blogdodanielgalvao.com.br\/site\/wp-json\/wp\/v2\/posts\/10769","targetHints":{"allow":["GET"]}}],"collection":[{"href":"https:\/\/blogdodanielgalvao.com.br\/site\/wp-json\/wp\/v2\/posts"}],"about":[{"href":"https:\/\/blogdodanielgalvao.com.br\/site\/wp-json\/wp\/v2\/types\/post"}],"author":[{"embeddable":true,"href":"https:\/\/blogdodanielgalvao.com.br\/site\/wp-json\/wp\/v2\/users\/2"}],"replies":[{"embeddable":true,"href":"https:\/\/blogdodanielgalvao.com.br\/site\/wp-json\/wp\/v2\/comments?post=10769"}],"version-history":[{"count":1,"href":"https:\/\/blogdodanielgalvao.com.br\/site\/wp-json\/wp\/v2\/posts\/10769\/revisions"}],"predecessor-version":[{"id":10771,"href":"https:\/\/blogdodanielgalvao.com.br\/site\/wp-json\/wp\/v2\/posts\/10769\/revisions\/10771"}],"wp:featuredmedia":[{"embeddable":true,"href":"https:\/\/blogdodanielgalvao.com.br\/site\/wp-json\/wp\/v2\/media\/10770"}],"wp:attachment":[{"href":"https:\/\/blogdodanielgalvao.com.br\/site\/wp-json\/wp\/v2\/media?parent=10769"}],"wp:term":[{"taxonomy":"category","embeddable":true,"href":"https:\/\/blogdodanielgalvao.com.br\/site\/wp-json\/wp\/v2\/categories?post=10769"},{"taxonomy":"post_tag","embeddable":true,"href":"https:\/\/blogdodanielgalvao.com.br\/site\/wp-json\/wp\/v2\/tags?post=10769"}],"curies":[{"name":"wp","href":"https:\/\/api.w.org\/{rel}","templated":true}]}}