{"id":10762,"date":"2024-09-17T17:22:04","date_gmt":"2024-09-17T20:22:04","guid":{"rendered":"https:\/\/blogdodanielgalvao.com.br\/site\/?p=10762"},"modified":"2024-09-18T16:53:21","modified_gmt":"2024-09-18T19:53:21","slug":"comparativo-entre-2023-e-2024-mostra-que-numero-de-queimadas-aumentou-em-ate-357-na-regiao","status":"publish","type":"post","link":"https:\/\/blogdodanielgalvao.com.br\/site\/comparativo-entre-2023-e-2024-mostra-que-numero-de-queimadas-aumentou-em-ate-357-na-regiao\/","title":{"rendered":"Comparativo entre 2023 e 2024 mostra que n\u00famero de queimadas aumentou em at\u00e9 357% na regi\u00e3o"},"content":{"rendered":"<p>As queimadas est\u00e3o crescendo em todo o pa\u00eds e em Maca\u00e9 isso n\u00e3o \u00e9 diferente. De acordo com dados divulgados pelo 9\u00ba GPM de Maca\u00e9, s\u00f3 neste ano foram registrados 176 eventos at\u00e9 o \u00faltimo domingo (15), n\u00fameros que superaram e muito os 55 casos registrados no mesmo per\u00edodo de 2023.<\/p>\n<p>No ano passado, o m\u00eas com o maior registro de ocorr\u00eancias foi o de setembro, com 13 eventos. Agora em 2024, o maior at\u00e9 aqui foi registrado em agosto, com 43 eventos. J\u00e1 maio e julho de 2023 foram os meses com os menores ind\u00edces, com apenas 7 ocorr\u00eancias. Voltando ao recorte deste ano, o m\u00eas com menor menor n\u00famero de casos registrados foi julho, com 23.<\/p>\n<p>Os dados divulgados pelos 9\u00ba GPM, mostram que h\u00e1 uma crescente assustadora no n\u00famero de casos registrada em todos os meses de maio at\u00e9 setembro deste ano. Em maio o aumento no n\u00famero de casos foi de 357%. Em julho foi de 137,5%. J\u00e1 em julho foi de 228,5%, enquanto agosto ficou com 258%. Em setembro at\u00e9 o dia 15, o aumento j\u00e1 chegou a 208%.<br \/>\nVeja abaixo os n\u00fameros na \u00edntegra:<\/p>\n<p>Estat\u00edstica de ocorr\u00eancias de Fogo em Vegeta\u00e7\u00e3o atendidas pelo 9\u00b0 GBM &#8211; Maca\u00e9<\/p>\n<p>2023<br \/>\nMaio &#8211; 07 eventos<br \/>\nJunho &#8211; 16 eventos<br \/>\nJulho &#8211; 07 eventos<br \/>\nAgosto &#8211; 12 eventos<br \/>\nSetembro &#8211; 13 eventos<br \/>\nTotal &#8211; 55 eventos<\/p>\n<p>2024<br \/>\nMaio &#8211; 32 eventos<br \/>\nJunho &#8211; 38 eventos<br \/>\nJulho &#8211; 23 eventos<br \/>\nAgosto &#8211; 43 eventos<br \/>\nSetembro (ate 15\/09) &#8211; 40 eventos<br \/>\nTotal &#8211; 176 eventos<\/p>\n<p>Comparativo estat\u00edstico de ocorr\u00eancias de Fogo em Vegeta\u00e7\u00e3o atendidas pelo 9\u00b0 GBM &#8211; Maca\u00e9 nos meses de maio a setembro de 2023 e 2024<\/p>\n<p>Maio &#8211; aumento de 357%<br \/>\nJunho &#8211; aumento de 137,5%<br \/>\nJulho &#8211; aumento de 228,5%<br \/>\nAgosto &#8211; aumento de 258%<br \/>\nSetembro &#8211; aumento de 208% (at\u00e9 15\/09).<\/p>\n<p>Total do per\u00edodo &#8211; aumento de 220%<\/p>\n","protected":false},"excerpt":{"rendered":"<p>As queimadas est\u00e3o crescendo em todo o pa\u00eds e em Maca\u00e9 isso n\u00e3o \u00e9 diferente. De acordo com dados divulgados pelo 9\u00ba GPM de Maca\u00e9, s\u00f3 neste ano foram registrados 176 eventos at\u00e9 o \u00faltimo domingo (15), n\u00fameros que superaram e muito os 55 casos registrados no mesmo per\u00edodo de 2023. No ano passado, o [&hellip;]<\/p>\n","protected":false},"author":2,"featured_media":10763,"comment_status":"open","ping_status":"open","sticky":true,"template":"","format":"standard","meta":{"footnotes":""},"categories":[9,14,2],"tags":[],"class_list":["post-10762","post","type-post","status-publish","format-standard","has-post-thumbnail","hentry","category-estado","category-geral","category-macae"],"_links":{"self":[{"href":"https:\/\/blogdodanielgalvao.com.br\/site\/wp-json\/wp\/v2\/posts\/10762","targetHints":{"allow":["GET"]}}],"collection":[{"href":"https:\/\/blogdodanielgalvao.com.br\/site\/wp-json\/wp\/v2\/posts"}],"about":[{"href":"https:\/\/blogdodanielgalvao.com.br\/site\/wp-json\/wp\/v2\/types\/post"}],"author":[{"embeddable":true,"href":"https:\/\/blogdodanielgalvao.com.br\/site\/wp-json\/wp\/v2\/users\/2"}],"replies":[{"embeddable":true,"href":"https:\/\/blogdodanielgalvao.com.br\/site\/wp-json\/wp\/v2\/comments?post=10762"}],"version-history":[{"count":1,"href":"https:\/\/blogdodanielgalvao.com.br\/site\/wp-json\/wp\/v2\/posts\/10762\/revisions"}],"predecessor-version":[{"id":10764,"href":"https:\/\/blogdodanielgalvao.com.br\/site\/wp-json\/wp\/v2\/posts\/10762\/revisions\/10764"}],"wp:featuredmedia":[{"embeddable":true,"href":"https:\/\/blogdodanielgalvao.com.br\/site\/wp-json\/wp\/v2\/media\/10763"}],"wp:attachment":[{"href":"https:\/\/blogdodanielgalvao.com.br\/site\/wp-json\/wp\/v2\/media?parent=10762"}],"wp:term":[{"taxonomy":"category","embeddable":true,"href":"https:\/\/blogdodanielgalvao.com.br\/site\/wp-json\/wp\/v2\/categories?post=10762"},{"taxonomy":"post_tag","embeddable":true,"href":"https:\/\/blogdodanielgalvao.com.br\/site\/wp-json\/wp\/v2\/tags?post=10762"}],"curies":[{"name":"wp","href":"https:\/\/api.w.org\/{rel}","templated":true}]}}