{"id":10756,"date":"2024-09-13T17:44:57","date_gmt":"2024-09-13T20:44:57","guid":{"rendered":"https:\/\/blogdodanielgalvao.com.br\/site\/?p=10756"},"modified":"2024-09-20T16:43:02","modified_gmt":"2024-09-20T19:43:02","slug":"nova-ponte-da-barra-e-inaugurada-e-se-torna-marco-no-desenvolvimento-de-macae","status":"publish","type":"post","link":"https:\/\/blogdodanielgalvao.com.br\/site\/nova-ponte-da-barra-e-inaugurada-e-se-torna-marco-no-desenvolvimento-de-macae\/","title":{"rendered":"Nova ponte da Barra \u00e9 inaugurada e se torna marco no desenvolvimento de Maca\u00e9"},"content":{"rendered":"<p>Uma obra que muitos acreditaram que n\u00e3o sairia do papel, hoje \u00e9 uma realidade em Maca\u00e9. O dia 12 de outubro de 2024 ficar\u00e1 marcado na hist\u00f3ria do munic\u00edpio como o dia em que a ponte da Barra foi reinaugurada. Agora ela passa a se chamar Ponte Deputado Cl\u00e1udio Moacyr de Azevedo, em homenagem ao pol\u00edtico que tanto contribuiu para a cidade e o Estado do Rio de Janeiro.<\/p>\n<p>A duplica\u00e7\u00e3o da ponte foi garantida pelo Governo do Estado gra\u00e7as ao bom entendimento com a prefeitura de Maca\u00e9. O governador Cl\u00e1udio Castro esteve presente na entrega da obra e disse estar muito feliz em entregar uma obra t\u00e3o aguardada pelos macaenses.<\/p>\n<p>\u201cCom certeza estamos muito felizes com essa grande parceria entre o governo do estado e a administra\u00e7\u00e3o municipal. Essa \u00e9 uma obra que foi muito esperada pela popula\u00e7\u00e3o ao longo dos anos. \u00c9 uma obra que d\u00e1 gosto da gente se superar e ver ela saindo do papel. Mostra nosso compromisso com o interior do Estado\u201d, afirmou Cl\u00e1udio Castro.<\/p>\n<p>O governador destacou tamb\u00e9m a import\u00e2ncia de Maca\u00e9 no cen\u00e1rio estadual.<\/p>\n<p>\u201cHoje conseguimos levar infraestrutura e desenvolvimento para todas as cidades, independente do n\u00famero de cidad\u00e3os ou atividade econ\u00f4mica. Atualmente temos obras em mais de 92 munic\u00edpios do estado e Maca\u00e9 com a import\u00e2ncia regional que tem j\u00e1 deveria ter h\u00e1 muito tempo uma obra como esta\u201d, disse o governador.<\/p>\n<p>Ao todo, foram investidos mais de R$ 40 milh\u00f5es na obra, que incluiu servi\u00e7os de terraplanagem, pavimenta\u00e7\u00e3o, conten\u00e7\u00e3o de encostas, recupera\u00e7\u00e3o do asfalto, dentre outros. A expectativa \u00e9 que ela melhore e muito o tr\u00e2nsito e a circula\u00e7\u00e3o de ve\u00edculos no local, principalmente nos hor\u00e1rios de pico.<\/p>\n<p><img loading=\"lazy\" decoding=\"async\" class=\"alignnone size-medium wp-image-108610\" src=\"https:\/\/cdn-cliquediario.nuneshost.com\/wp-content\/uploads\/2024\/09\/WhatsApp-Image-2024-09-12-at-12.43.21-169x300.jpeg\" sizes=\"auto, (max-width: 169px) 100vw, 169px\" srcset=\"https:\/\/cdn-cliquediario.nuneshost.com\/wp-content\/uploads\/2024\/09\/WhatsApp-Image-2024-09-12-at-12.43.21-169x300.jpeg 169w, https:\/\/cdn-cliquediario.nuneshost.com\/wp-content\/uploads\/2024\/09\/WhatsApp-Image-2024-09-12-at-12.43.21.jpeg 506w\" alt=\"\" width=\"169\" height=\"300\" \/><\/p>\n","protected":false},"excerpt":{"rendered":"<p>Uma obra que muitos acreditaram que n\u00e3o sairia do papel, hoje \u00e9 uma realidade em Maca\u00e9. O dia 12 de outubro de 2024 ficar\u00e1 marcado na hist\u00f3ria do munic\u00edpio como o dia em que a ponte da Barra foi reinaugurada. Agora ela passa a se chamar Ponte Deputado Cl\u00e1udio Moacyr de Azevedo, em homenagem ao [&hellip;]<\/p>\n","protected":false},"author":2,"featured_media":10757,"comment_status":"open","ping_status":"open","sticky":true,"template":"","format":"standard","meta":{"footnotes":""},"categories":[9,14,2],"tags":[],"class_list":["post-10756","post","type-post","status-publish","format-standard","has-post-thumbnail","hentry","category-estado","category-geral","category-macae"],"_links":{"self":[{"href":"https:\/\/blogdodanielgalvao.com.br\/site\/wp-json\/wp\/v2\/posts\/10756","targetHints":{"allow":["GET"]}}],"collection":[{"href":"https:\/\/blogdodanielgalvao.com.br\/site\/wp-json\/wp\/v2\/posts"}],"about":[{"href":"https:\/\/blogdodanielgalvao.com.br\/site\/wp-json\/wp\/v2\/types\/post"}],"author":[{"embeddable":true,"href":"https:\/\/blogdodanielgalvao.com.br\/site\/wp-json\/wp\/v2\/users\/2"}],"replies":[{"embeddable":true,"href":"https:\/\/blogdodanielgalvao.com.br\/site\/wp-json\/wp\/v2\/comments?post=10756"}],"version-history":[{"count":1,"href":"https:\/\/blogdodanielgalvao.com.br\/site\/wp-json\/wp\/v2\/posts\/10756\/revisions"}],"predecessor-version":[{"id":10758,"href":"https:\/\/blogdodanielgalvao.com.br\/site\/wp-json\/wp\/v2\/posts\/10756\/revisions\/10758"}],"wp:featuredmedia":[{"embeddable":true,"href":"https:\/\/blogdodanielgalvao.com.br\/site\/wp-json\/wp\/v2\/media\/10757"}],"wp:attachment":[{"href":"https:\/\/blogdodanielgalvao.com.br\/site\/wp-json\/wp\/v2\/media?parent=10756"}],"wp:term":[{"taxonomy":"category","embeddable":true,"href":"https:\/\/blogdodanielgalvao.com.br\/site\/wp-json\/wp\/v2\/categories?post=10756"},{"taxonomy":"post_tag","embeddable":true,"href":"https:\/\/blogdodanielgalvao.com.br\/site\/wp-json\/wp\/v2\/tags?post=10756"}],"curies":[{"name":"wp","href":"https:\/\/api.w.org\/{rel}","templated":true}]}}