{"id":10753,"date":"2024-09-12T10:23:47","date_gmt":"2024-09-12T13:23:47","guid":{"rendered":"https:\/\/blogdodanielgalvao.com.br\/site\/?p=10753"},"modified":"2024-09-20T16:43:13","modified_gmt":"2024-09-20T19:43:13","slug":"quissama-fatima-denuncia-projeto-de-armando-de-retirar-pessoas-de-programas-sociais-da-prefeitura-desumano","status":"publish","type":"post","link":"https:\/\/blogdodanielgalvao.com.br\/site\/quissama-fatima-denuncia-projeto-de-armando-de-retirar-pessoas-de-programas-sociais-da-prefeitura-desumano\/","title":{"rendered":"Quissam\u00e3: Fatima denuncia projeto de Armando de retirar pessoas de programas sociais da Prefeitura. \u201cDesumano\u201d"},"content":{"rendered":"<p>Parece at\u00e9 brincadeira de mau gosto, mas n\u00e3o \u00e9. Armando Carneiro (PL), candidato a prefeito de Quissam\u00e3, em entrevistas recentes que circulam na internet deixou claro ter uma prioridade, caso ven\u00e7a Marcelo Batista (PP) nas urnas em 6 de outubro: retirar pessoas que s\u00e3o atendidas em diversos programas sociais criados e mantidos pela atual prefeita, Fatima Pacheco (Uni\u00e3o Brasil).<\/p>\n<p>Apesar das falas p\u00fablicas e repetidas por Armando, a denuncia foi feita esta semana por Fatima em suas redes sociais. Nela, a chefe do Executivo demonstra sua preocupa\u00e7\u00e3o com o posicionamento de Armando que coloca em risco a seguran\u00e7a familiar de centenas de pessoas contempladas por iniciativas sociais na cidade.<\/p>\n<p>\u201cQuando o candidato da oposi\u00e7\u00e3o diz que vai tirar as pessoas das politicas sociais do munic\u00edpio e que vai gerar emprego digno, primeiro ele demonstra ser desumano; segundo ele mente\u201d, destacou Fatima, recordando que, em sua gest\u00e3o como prefeito, Armando deixou uma divida trabalhista de R$25 milh\u00f5es com a Multiprof &#8211; paga pela atual gest\u00e3o.<\/p>\n<p>Fatima foi al\u00e9m. Lembrou que, junto com Marcelo Batista, o Governo criou diversas pol\u00edticas sociais, entre elas, o Primeiros Passos, Agente Mirim, Jovens em A\u00e7\u00e3o, Programa de Prote\u00e7\u00e3o \u00e0 Mulher Vitima de Viol\u00eancia al\u00e9m de ter promovido as amplia\u00e7\u00f5es do Renda M\u00ednima e o PCD\u2019s.<\/p>\n<p>Em uma de suas falas, Armando foi incisivo sobre o que pensa e o que pretende fazer se voltar a governar o munic\u00edpio. \u201cEsse tipo de politica que est\u00e1 sendo praticada hoje em Quissam\u00e3, \u00e9 o que vamos combater\u201d, disparou Armando em um recente podcast.<\/p>\n<p>Por sua vez, Fatima garantiu que Marcelo vai manter e ampliar os programas que existem. \u201cN\u00f3s precisamos entender que as politicas sociais s\u00e3o important\u00edssimas para o desenvolvimento do munic\u00edpio e atrav\u00e9s destes programas distribuimos mais de R$1,8 milh\u00e3o por m\u00eas para as pessoas que mais precisam e que impactam diretamente no com\u00e9rcio local\u201d, explicou.<\/p>\n","protected":false},"excerpt":{"rendered":"<p>Parece at\u00e9 brincadeira de mau gosto, mas n\u00e3o \u00e9. Armando Carneiro (PL), candidato a prefeito de Quissam\u00e3, em entrevistas recentes que circulam na internet deixou claro ter uma prioridade, caso ven\u00e7a Marcelo Batista (PP) nas urnas em 6 de outubro: retirar pessoas que s\u00e3o atendidas em diversos programas sociais criados e mantidos pela atual prefeita, [&hellip;]<\/p>\n","protected":false},"author":2,"featured_media":10754,"comment_status":"open","ping_status":"open","sticky":true,"template":"","format":"standard","meta":{"footnotes":""},"categories":[9,14,5],"tags":[],"class_list":["post-10753","post","type-post","status-publish","format-standard","has-post-thumbnail","hentry","category-estado","category-geral","category-quissama"],"_links":{"self":[{"href":"https:\/\/blogdodanielgalvao.com.br\/site\/wp-json\/wp\/v2\/posts\/10753","targetHints":{"allow":["GET"]}}],"collection":[{"href":"https:\/\/blogdodanielgalvao.com.br\/site\/wp-json\/wp\/v2\/posts"}],"about":[{"href":"https:\/\/blogdodanielgalvao.com.br\/site\/wp-json\/wp\/v2\/types\/post"}],"author":[{"embeddable":true,"href":"https:\/\/blogdodanielgalvao.com.br\/site\/wp-json\/wp\/v2\/users\/2"}],"replies":[{"embeddable":true,"href":"https:\/\/blogdodanielgalvao.com.br\/site\/wp-json\/wp\/v2\/comments?post=10753"}],"version-history":[{"count":1,"href":"https:\/\/blogdodanielgalvao.com.br\/site\/wp-json\/wp\/v2\/posts\/10753\/revisions"}],"predecessor-version":[{"id":10755,"href":"https:\/\/blogdodanielgalvao.com.br\/site\/wp-json\/wp\/v2\/posts\/10753\/revisions\/10755"}],"wp:featuredmedia":[{"embeddable":true,"href":"https:\/\/blogdodanielgalvao.com.br\/site\/wp-json\/wp\/v2\/media\/10754"}],"wp:attachment":[{"href":"https:\/\/blogdodanielgalvao.com.br\/site\/wp-json\/wp\/v2\/media?parent=10753"}],"wp:term":[{"taxonomy":"category","embeddable":true,"href":"https:\/\/blogdodanielgalvao.com.br\/site\/wp-json\/wp\/v2\/categories?post=10753"},{"taxonomy":"post_tag","embeddable":true,"href":"https:\/\/blogdodanielgalvao.com.br\/site\/wp-json\/wp\/v2\/tags?post=10753"}],"curies":[{"name":"wp","href":"https:\/\/api.w.org\/{rel}","templated":true}]}}