{"id":10737,"date":"2024-09-01T09:36:58","date_gmt":"2024-09-01T12:36:58","guid":{"rendered":"https:\/\/blogdodanielgalvao.com.br\/site\/?p=10737"},"modified":"2024-09-20T16:44:44","modified_gmt":"2024-09-20T19:44:44","slug":"agosto-laranja-alerta-a-populacao-sobre-os-perigos-da-esclerose-multipla","status":"publish","type":"post","link":"https:\/\/blogdodanielgalvao.com.br\/site\/agosto-laranja-alerta-a-populacao-sobre-os-perigos-da-esclerose-multipla\/","title":{"rendered":"Agosto Laranja alerta a popula\u00e7\u00e3o sobre os perigos da Esclerose M\u00faltipla"},"content":{"rendered":"<p style=\"text-align: center;\"><strong><em>Com uma preval\u00eancia de 15 em cada 100 mil habitantes, a EM \u00e9 mais comum em mulheres entre 20 e 40 anos<\/em><\/strong><\/p>\n<p>Os profissionais de sa\u00fade e a comunidade se mobilizaram ao longo deste m\u00eas ao movimento Agosto Laranja, dedicado \u00e0 conscientiza\u00e7\u00e3o sobre a Esclerose M\u00faltipla (EM), que tem como data m\u00e1xima, esta sexta-feira, 30.<\/p>\n<p>A iniciativa, criada pela AME (Amigos M\u00faltiplos pela Esclerose), visa desmistificar a doen\u00e7a, promover o diagn\u00f3stico precoce, melhorar a qualidade de vida dos pacientes, al\u00e9m de ampliar o conhecimento sobre esta grave condi\u00e7\u00e3o que afeta milhares de brasileiros.<\/p>\n<p>A esclerose m\u00faltipla \u00e9 uma doen\u00e7a cr\u00f4nica, autoimune e inflamat\u00f3ria que afeta o sistema nervoso central, incluindo c\u00e9rebro e medula espinhal. \u201cNa doen\u00e7a autoimune, as c\u00e9lulas de defesa do organismo, como os leuc\u00f3citos e linf\u00f3citos, come\u00e7am a atacar estruturas pr\u00f3prias como o c\u00e9rebro e a medula espinhal, em vez de proteger o organismo\u201d, explica o neurologista Matheus Wasem. \u201cIsso resulta na destrui\u00e7\u00e3o da bainha de mielina dos neur\u00f4nios, causando sintomas neurol\u00f3gicos que variam amplamente, dependendo das \u00e1reas do sistema nervoso central afetadas\u201d, completa.<\/p>\n<p>Entre os sintomas mais frequentes est\u00e3o problemas visuais (emba\u00e7amento doloroso da vis\u00e3o ou vis\u00e3o dupla), fraqueza ou falta de sensibilidade de algum membro ou parte do corpo, formigamentos, dorm\u00eancia, dores ou queima\u00e7\u00f5es. \u201cOs pacientes tamb\u00e9m podem apresentar mem\u00f3ria ruim, fadiga, cansa\u00e7o, desequil\u00edbrio, dificuldade para andar, vertigem ou tontura\u201d, acrescenta o m\u00e9dico. \u201cOutros sintomas incluem urg\u00eancia urin\u00e1ria, incontin\u00eancia e bexiga presa.\u201d<\/p>\n<p><strong>Impacto na vida dos pacientes<\/strong><\/p>\n<p>Descobrir que se tem EM pode ser devastador, uma vez que a doen\u00e7a n\u00e3o tem cura. \u201c\u00c9 fundamental ter o acompanhamento de um neurologista especializado em esclerose. Hoje em dia, existem medica\u00e7\u00f5es eficazes, embora de alto custo, que ajudam a controlar a doen\u00e7a e a melhorar a qualidade de vida dos pacientes\u201d, orienta o m\u00e9dico.<\/p>\n<p>O diagn\u00f3stico da doen\u00e7a envolve a an\u00e1lise dos sintomas do paciente e realiza\u00e7\u00e3o de exames, como o da resson\u00e2ncia magn\u00e9tica que permite visualizar les\u00f5es no c\u00e9rebro e na medula espinhal\u201d, explica Matheus. \u201cEm alguns casos, tamb\u00e9m \u00e9 necess\u00e1rio coletar l\u00edquor da medula e realizar exames de sangue para confirmar o diagn\u00f3stico\u201d.<\/p>\n<p>Com uma preval\u00eancia de 15 em cada 100 mil habitantes, a esclerose m\u00faltipla \u00e9 mais comum em mulheres entre 20 e 40 anos. \u201cApesar dos avan\u00e7os no tratamento, a doen\u00e7a exige um acompanhamento constante e uma abordagem personalizada para cada paciente\u201d, afirma o m\u00e9dico.<\/p>\n<p>Embora fatores como obesidade infantil, estresse e falta de vitamina D possam aumentar o risco de desenvolver esta condi\u00e7\u00e3o, a preven\u00e7\u00e3o ainda \u00e9 um desafio. \u201cMesmo com h\u00e1bitos saud\u00e1veis, a doen\u00e7a pode ocorrer\u201d, alerta. \u201cPortanto, \u00e9 importante estar atento aos sinais e buscar orienta\u00e7\u00e3o m\u00e9dica ao primeiro sintoma\u201d.<\/p>\n<p>As limita\u00e7\u00f5es impostas pela doen\u00e7a podem ser significativas. \u201cO maior receio dos pacientes \u00e9 a possibilidade de depender de uma cadeira de rodas ou de cuidados constantes\u201d, observa o neurologista.<\/p>\n<p>\u201cOutras limita\u00e7\u00f5es podem incluir vis\u00e3o emba\u00e7ada e comprometimentos mais severos da mem\u00f3ria em casos avan\u00e7ados, embora a cegueira e d\u00e9ficits cognitivos graves sejam menos comuns\u201d, ressaltou Matheus Wasem.<\/p>\n<p>&nbsp;<\/p>\n","protected":false},"excerpt":{"rendered":"<p>Com uma preval\u00eancia de 15 em cada 100 mil habitantes, a EM \u00e9 mais comum em mulheres entre 20 e 40 anos Os profissionais de sa\u00fade e a comunidade se mobilizaram ao longo deste m\u00eas ao movimento Agosto Laranja, dedicado \u00e0 conscientiza\u00e7\u00e3o sobre a Esclerose M\u00faltipla (EM), que tem como data m\u00e1xima, esta sexta-feira, 30. [&hellip;]<\/p>\n","protected":false},"author":2,"featured_media":10738,"comment_status":"open","ping_status":"open","sticky":true,"template":"","format":"standard","meta":{"footnotes":""},"categories":[60,9,14],"tags":[],"class_list":["post-10737","post","type-post","status-publish","format-standard","has-post-thumbnail","hentry","category-brasil","category-estado","category-geral"],"_links":{"self":[{"href":"https:\/\/blogdodanielgalvao.com.br\/site\/wp-json\/wp\/v2\/posts\/10737","targetHints":{"allow":["GET"]}}],"collection":[{"href":"https:\/\/blogdodanielgalvao.com.br\/site\/wp-json\/wp\/v2\/posts"}],"about":[{"href":"https:\/\/blogdodanielgalvao.com.br\/site\/wp-json\/wp\/v2\/types\/post"}],"author":[{"embeddable":true,"href":"https:\/\/blogdodanielgalvao.com.br\/site\/wp-json\/wp\/v2\/users\/2"}],"replies":[{"embeddable":true,"href":"https:\/\/blogdodanielgalvao.com.br\/site\/wp-json\/wp\/v2\/comments?post=10737"}],"version-history":[{"count":1,"href":"https:\/\/blogdodanielgalvao.com.br\/site\/wp-json\/wp\/v2\/posts\/10737\/revisions"}],"predecessor-version":[{"id":10739,"href":"https:\/\/blogdodanielgalvao.com.br\/site\/wp-json\/wp\/v2\/posts\/10737\/revisions\/10739"}],"wp:featuredmedia":[{"embeddable":true,"href":"https:\/\/blogdodanielgalvao.com.br\/site\/wp-json\/wp\/v2\/media\/10738"}],"wp:attachment":[{"href":"https:\/\/blogdodanielgalvao.com.br\/site\/wp-json\/wp\/v2\/media?parent=10737"}],"wp:term":[{"taxonomy":"category","embeddable":true,"href":"https:\/\/blogdodanielgalvao.com.br\/site\/wp-json\/wp\/v2\/categories?post=10737"},{"taxonomy":"post_tag","embeddable":true,"href":"https:\/\/blogdodanielgalvao.com.br\/site\/wp-json\/wp\/v2\/tags?post=10737"}],"curies":[{"name":"wp","href":"https:\/\/api.w.org\/{rel}","templated":true}]}}