{"id":10619,"date":"2024-07-27T09:31:44","date_gmt":"2024-07-27T12:31:44","guid":{"rendered":"https:\/\/blogdodanielgalvao.com.br\/site\/?p=10619"},"modified":"2024-07-26T17:36:48","modified_gmt":"2024-07-26T20:36:48","slug":"em-sua-2a-edicao-feira-de-economia-do-mar-comecou-em-macae-nessa-quinta-25","status":"publish","type":"post","link":"https:\/\/blogdodanielgalvao.com.br\/site\/em-sua-2a-edicao-feira-de-economia-do-mar-comecou-em-macae-nessa-quinta-25\/","title":{"rendered":"Em sua 2\u00aa edi\u00e7\u00e3o, Feira de Economia do Mar come\u00e7ou em Maca\u00e9 nessa quinta, 25"},"content":{"rendered":"<p>O Parque de Exposi\u00e7\u00f5es Latiff Mussi Rocha, em Maca\u00e9, recebe, nessa semana, a 2\u00aa edi\u00e7\u00e3o da Feira de Economia do Mar, realizada pelo governo estadual em parceria com institui\u00e7\u00f5es empresariais locais e que segue at\u00e9 esse domingo, 28.<\/p>\n<p>Na abertura do evento, nessa quinta-feira, 25, o subsecret\u00e1rio estadual de Energia e Economia do Mar, Felipe Peixoto (PSD), refor\u00e7ou a import\u00e2ncia da cidade de Maca\u00e9 como polo de neg\u00f3cios para o setor no Estado e no pa\u00eds.<\/p>\n<p>\u201cMaca\u00e9 segue como protagonista de ser polo de um mercado que coloca o nosso Estado do Rio de Janeiro em destaque no mundo. A pot\u00eancia da economia do mar movimenta diversos segmentos econ\u00f4micos que geram empregos e oportunidades, mas que traz desafios que ser\u00e3o temas das discuss\u00f5es que iremos realizar nesse evento\u201d, disse Felipe Peixoto.<\/p>\n<p>Na pauta do evento que faz parte da programa\u00e7\u00e3o de anivers\u00e1rio pelos 211 anos de Maca\u00e9, celebrado nessa segunda-feira, 29, estiveram temas como o novo potencial de neg\u00f3cios gerados a partir das atividades ligadas aos setores mar\u00edtimo e naval.<\/p>\n<p>Tamb\u00e9m estiveram presenta na abertura do evento o superintende da Secretaria Estadual de Economia do Mar, S\u00e9rgio Marcoline, e os presidentes da Associa\u00e7\u00e3o Comercial e Industrial de Maca\u00e9 (ACIM), Frederico Barreto, da C\u00e2mara de Dirigentes Lojistas (CDL) de Maca\u00e9, Lu\u00eds Henrique Fragoso, e do Sindicato do Com\u00e9rcio Varejista de Maca\u00e9 (SincoMaca\u00e9), Max Lamoglia, al\u00e9m do coordenador regional do Servi\u00e7o Brasileiro de Apoio \u00e0s Micro e Pequenas Empresas (Sebrae), Guilherme Reche.<\/p>\n","protected":false},"excerpt":{"rendered":"<p>O Parque de Exposi\u00e7\u00f5es Latiff Mussi Rocha, em Maca\u00e9, recebe, nessa semana, a 2\u00aa edi\u00e7\u00e3o da Feira de Economia do Mar, realizada pelo governo estadual em parceria com institui\u00e7\u00f5es empresariais locais e que segue at\u00e9 esse domingo, 28. Na abertura do evento, nessa quinta-feira, 25, o subsecret\u00e1rio estadual de Energia e Economia do Mar, Felipe [&hellip;]<\/p>\n","protected":false},"author":2,"featured_media":0,"comment_status":"open","ping_status":"open","sticky":true,"template":"","format":"standard","meta":{"footnotes":""},"categories":[9,14,2,304],"tags":[],"class_list":["post-10619","post","type-post","status-publish","format-standard","hentry","category-estado","category-geral","category-macae","category-rio-de-janeiro"],"_links":{"self":[{"href":"https:\/\/blogdodanielgalvao.com.br\/site\/wp-json\/wp\/v2\/posts\/10619","targetHints":{"allow":["GET"]}}],"collection":[{"href":"https:\/\/blogdodanielgalvao.com.br\/site\/wp-json\/wp\/v2\/posts"}],"about":[{"href":"https:\/\/blogdodanielgalvao.com.br\/site\/wp-json\/wp\/v2\/types\/post"}],"author":[{"embeddable":true,"href":"https:\/\/blogdodanielgalvao.com.br\/site\/wp-json\/wp\/v2\/users\/2"}],"replies":[{"embeddable":true,"href":"https:\/\/blogdodanielgalvao.com.br\/site\/wp-json\/wp\/v2\/comments?post=10619"}],"version-history":[{"count":1,"href":"https:\/\/blogdodanielgalvao.com.br\/site\/wp-json\/wp\/v2\/posts\/10619\/revisions"}],"predecessor-version":[{"id":10620,"href":"https:\/\/blogdodanielgalvao.com.br\/site\/wp-json\/wp\/v2\/posts\/10619\/revisions\/10620"}],"wp:attachment":[{"href":"https:\/\/blogdodanielgalvao.com.br\/site\/wp-json\/wp\/v2\/media?parent=10619"}],"wp:term":[{"taxonomy":"category","embeddable":true,"href":"https:\/\/blogdodanielgalvao.com.br\/site\/wp-json\/wp\/v2\/categories?post=10619"},{"taxonomy":"post_tag","embeddable":true,"href":"https:\/\/blogdodanielgalvao.com.br\/site\/wp-json\/wp\/v2\/tags?post=10619"}],"curies":[{"name":"wp","href":"https:\/\/api.w.org\/{rel}","templated":true}]}}