{"id":10612,"date":"2024-07-25T17:20:37","date_gmt":"2024-07-25T20:20:37","guid":{"rendered":"https:\/\/blogdodanielgalvao.com.br\/site\/?p=10612"},"modified":"2024-07-26T16:57:25","modified_gmt":"2024-07-26T19:57:25","slug":"prefeitura-de-macae-depositou-2a-parcela-do-cartao-educa-mais-nessa-semana","status":"publish","type":"post","link":"https:\/\/blogdodanielgalvao.com.br\/site\/prefeitura-de-macae-depositou-2a-parcela-do-cartao-educa-mais-nessa-semana\/","title":{"rendered":"Prefeitura de Maca\u00e9 depositou 2\u00aa parcela do Cart\u00e3o Educa Mais nessa semana"},"content":{"rendered":"<p>A Prefeitura de Maca\u00e9 depositou, desde o in\u00edcio dessa semana, a 2\u00aa parcela do Cart\u00e3o Educa Mais, benef\u00edcio no valor de pouco mais de 500 reais, dependendo do n\u00edvel de escolaridade, e que \u00e9 oferecido aos cerca de 40 alunos da rede p\u00fablica municipal.<\/p>\n<p>De acordo com informe no site oficial do munic\u00edpio, os valores foram depositados nessa segunda-feira, 22, e podem ser utilizados em 170 lojas credenciadas na cidade para a aquisi\u00e7\u00e3o de materiais escolares e uniformes.<\/p>\n<p>Segundo a Portaria 033, de 2024, publicada no \u00faltimo dia 4 de junho, a maior parte do benef\u00edcio recebido pelos estudantes deve ser destinado \u00e0 compra de uniformes de inverno, cujo valor m\u00e1ximo \u00e9 de pouco mais de 432 reais, com o saldo restante podendo ser utilizado na compra de material escolar.<\/p>\n<p>Os valores para cada item s\u00e3o diferentes de acordo com o n\u00edvel de escolaridade dos estudantes, variando entre R$ 432,57 e R$ 472,48 no caso dos uniformes de inverno, e entre R$ 27,77 e R$ 68,90 no caso dos materiais escolares.<\/p>\n<p>Para tirar d\u00favidas sobre o Cart\u00e3o Educa Mais, os pais ou respons\u00e1veis pelos alunos podem entrar em contato por mensagens de WhatsApp, atrav\u00e9s do n\u00famero (22) 99258-3688, ou pelo e-mail, cartaoeducacaoatendimento@gestao.macae.rj.gov.br.<\/p>\n<p>O atendimento aos benefici\u00e1rios do programa tamb\u00e9m \u00e9 oferecido de forma presencial, de segunda a sexta, das 8h \u00e0s 17h, no setor de Matr\u00edculas da Secretaria de Educa\u00e7\u00e3o, que funciona na Cidade Universit\u00e1ria, localizada na Avenida Aluizio da Silva Gomes, 50, na Granja dos Cavaleiros.<\/p>\n","protected":false},"excerpt":{"rendered":"<p>A Prefeitura de Maca\u00e9 depositou, desde o in\u00edcio dessa semana, a 2\u00aa parcela do Cart\u00e3o Educa Mais, benef\u00edcio no valor de pouco mais de 500 reais, dependendo do n\u00edvel de escolaridade, e que \u00e9 oferecido aos cerca de 40 alunos da rede p\u00fablica municipal. De acordo com informe no site oficial do munic\u00edpio, os valores [&hellip;]<\/p>\n","protected":false},"author":2,"featured_media":10613,"comment_status":"open","ping_status":"open","sticky":true,"template":"","format":"standard","meta":{"footnotes":""},"categories":[9,14,2],"tags":[],"class_list":["post-10612","post","type-post","status-publish","format-standard","has-post-thumbnail","hentry","category-estado","category-geral","category-macae"],"_links":{"self":[{"href":"https:\/\/blogdodanielgalvao.com.br\/site\/wp-json\/wp\/v2\/posts\/10612","targetHints":{"allow":["GET"]}}],"collection":[{"href":"https:\/\/blogdodanielgalvao.com.br\/site\/wp-json\/wp\/v2\/posts"}],"about":[{"href":"https:\/\/blogdodanielgalvao.com.br\/site\/wp-json\/wp\/v2\/types\/post"}],"author":[{"embeddable":true,"href":"https:\/\/blogdodanielgalvao.com.br\/site\/wp-json\/wp\/v2\/users\/2"}],"replies":[{"embeddable":true,"href":"https:\/\/blogdodanielgalvao.com.br\/site\/wp-json\/wp\/v2\/comments?post=10612"}],"version-history":[{"count":1,"href":"https:\/\/blogdodanielgalvao.com.br\/site\/wp-json\/wp\/v2\/posts\/10612\/revisions"}],"predecessor-version":[{"id":10614,"href":"https:\/\/blogdodanielgalvao.com.br\/site\/wp-json\/wp\/v2\/posts\/10612\/revisions\/10614"}],"wp:featuredmedia":[{"embeddable":true,"href":"https:\/\/blogdodanielgalvao.com.br\/site\/wp-json\/wp\/v2\/media\/10613"}],"wp:attachment":[{"href":"https:\/\/blogdodanielgalvao.com.br\/site\/wp-json\/wp\/v2\/media?parent=10612"}],"wp:term":[{"taxonomy":"category","embeddable":true,"href":"https:\/\/blogdodanielgalvao.com.br\/site\/wp-json\/wp\/v2\/categories?post=10612"},{"taxonomy":"post_tag","embeddable":true,"href":"https:\/\/blogdodanielgalvao.com.br\/site\/wp-json\/wp\/v2\/tags?post=10612"}],"curies":[{"name":"wp","href":"https:\/\/api.w.org\/{rel}","templated":true}]}}