{"id":10609,"date":"2024-07-24T17:54:24","date_gmt":"2024-07-24T20:54:24","guid":{"rendered":"https:\/\/blogdodanielgalvao.com.br\/site\/?p=10609"},"modified":"2024-07-25T17:17:26","modified_gmt":"2024-07-25T20:17:26","slug":"coalizao-marca-convencao-do-cidadania-em-macae","status":"publish","type":"post","link":"https:\/\/blogdodanielgalvao.com.br\/site\/coalizao-marca-convencao-do-cidadania-em-macae\/","title":{"rendered":"Coaliz\u00e3o marca conven\u00e7\u00e3o do Cidadania em Maca\u00e9"},"content":{"rendered":"<p>A conven\u00e7\u00e3o partid\u00e1ria do diret\u00f3rio municipal do Cidadania, realizada na noite desta ter\u00e7a-feira (24), chancelou o nome do prefeito Welberth Rezende como pr\u00e9-candidato a reelei\u00e7\u00e3o, em um evento marcado pela for\u00e7a da coaliz\u00e3o que pauta o modelo de gest\u00e3o que torna Maca\u00e9 a maior refer\u00eancia no Estado em desenvolvimento econ\u00f4mico, gera\u00e7\u00e3o de empregos, investimentos em infraestrutura e de qualidade de vida para a popula\u00e7\u00e3o.<\/p>\n<p>Com as presen\u00e7as do presidente nacional do Cidadania, o ex-deputado Comte Bittencourt e o vice-governador Thiago Pampolha, a conven\u00e7\u00e3o do Cidadania aprovou tamb\u00e9m a coliga\u00e7\u00e3o com o MDB para a forma\u00e7\u00e3o da \u201cchapa majorit\u00e1ria\u201d, atrav\u00e9s da indica\u00e7\u00e3o do nome do advogado Fabiano Paschoal como pr\u00e9-candidato a vice-prefeito.<br \/>\n\u201cEste \u00e9 um momento que celebra a coaliz\u00e3o que ajuda a reconstruir a nossa cidade. Formamos alian\u00e7as, discutimos ideias e compartilhamos a mesma vontade de ver a nossa cidade prosperar, gerar empregos e citar oportunidades que ajudam a promover dignidade para a nossa popula\u00e7\u00e3o. Somos o aposto ao discurso do \u00f3dio. Acreditamos na parceria e por isso celebramos tamb\u00e9m a reconstru\u00e7\u00e3o do di\u00e1logo com o governo do Estado, com os munic\u00edpios vizinhos e com todas as lideran\u00e7as pol\u00edticas que desejam participar deste novo momento de Maca\u00e9. E estamos prontos para defender essa nossa hist\u00f3ria\u201d, discursou o prefeito j\u00e1 como pr\u00e9-candidato a reelei\u00e7\u00e3o.<\/p>\n<p>Juntos, Welberth e Fabiano lideraram a conven\u00e7\u00e3o composta tamb\u00e9m pelos 18 pr\u00e9-candidatos a vereadores e vereadoras anunciados de forma oficial, sob os aplausos das milit\u00e2ncias que j\u00e1 demonstraram a energia e \u00e2nimo que levar\u00e3o para as ruas a partir da 16 de agosto, in\u00edcio da campanha eleitoral.<br \/>\nO evento contou ainda com a participa\u00e7\u00e3o dos Deputados Estaduais Chico Machado e Vitor J\u00fanior, da prefeita de Quissam\u00e3, F\u00e1tima Pacheco junto ao vice-prefeito e pr\u00e9-candidato a prefeito da cidade, Marcelo Batista, do prefeito e pr\u00e9-candidato a reelei\u00e7\u00e3o em Carapebus, Bernard Tavares, do prefeito e pr\u00e9-candidato a reelei\u00e7\u00e3o Valmir Lessa, o pr\u00e9-candidato a vice-prefeito de Nova Friburgo, Alexandre Cruz, al\u00e9m do presidente da C\u00e2mara e pr\u00e9-candidato a prefeito de Rio das Ostras, Mauricio BM.<\/p>\n<p>Confira a lista dos pr\u00e9-candidatos a vereador e vereadora do Cidadania:<\/p>\n<div class=\"td-a-rec td-a-rec-id-content_inlineleft  td_uid_3_66a1649a02ac0_rand td_block_template_1\">\n<div>\n<div><\/div>\n<\/div>\n<\/div>\n<p>Alan Mansur<br \/>\nLuciano Diniz<br \/>\nTico Jardim<br \/>\nPaulo Paes<br \/>\nCesinha<br \/>\nRond Maca\u00e9<br \/>\nRafael Amorim<br \/>\nGeorge Jardim<br \/>\n\u00c9dson Chiquini<br \/>\nFelipe Machado<br \/>\nProfessor Michel<br \/>\nPastor Lu\u00eds Matos<br \/>\nLucia do MOPAM<br \/>\nFl\u00e1via Renata<br \/>\nTayse Marinho<br \/>\nCremilda<br \/>\nIracema<\/p>\n<p>PSDB<br \/>\nJaniane Nunes<\/p>\n","protected":false},"excerpt":{"rendered":"<p>A conven\u00e7\u00e3o partid\u00e1ria do diret\u00f3rio municipal do Cidadania, realizada na noite desta ter\u00e7a-feira (24), chancelou o nome do prefeito Welberth Rezende como pr\u00e9-candidato a reelei\u00e7\u00e3o, em um evento marcado pela for\u00e7a da coaliz\u00e3o que pauta o modelo de gest\u00e3o que torna Maca\u00e9 a maior refer\u00eancia no Estado em desenvolvimento econ\u00f4mico, gera\u00e7\u00e3o de empregos, investimentos em [&hellip;]<\/p>\n","protected":false},"author":2,"featured_media":10610,"comment_status":"open","ping_status":"open","sticky":true,"template":"","format":"standard","meta":{"footnotes":""},"categories":[9,14,2],"tags":[],"class_list":["post-10609","post","type-post","status-publish","format-standard","has-post-thumbnail","hentry","category-estado","category-geral","category-macae"],"_links":{"self":[{"href":"https:\/\/blogdodanielgalvao.com.br\/site\/wp-json\/wp\/v2\/posts\/10609","targetHints":{"allow":["GET"]}}],"collection":[{"href":"https:\/\/blogdodanielgalvao.com.br\/site\/wp-json\/wp\/v2\/posts"}],"about":[{"href":"https:\/\/blogdodanielgalvao.com.br\/site\/wp-json\/wp\/v2\/types\/post"}],"author":[{"embeddable":true,"href":"https:\/\/blogdodanielgalvao.com.br\/site\/wp-json\/wp\/v2\/users\/2"}],"replies":[{"embeddable":true,"href":"https:\/\/blogdodanielgalvao.com.br\/site\/wp-json\/wp\/v2\/comments?post=10609"}],"version-history":[{"count":1,"href":"https:\/\/blogdodanielgalvao.com.br\/site\/wp-json\/wp\/v2\/posts\/10609\/revisions"}],"predecessor-version":[{"id":10611,"href":"https:\/\/blogdodanielgalvao.com.br\/site\/wp-json\/wp\/v2\/posts\/10609\/revisions\/10611"}],"wp:featuredmedia":[{"embeddable":true,"href":"https:\/\/blogdodanielgalvao.com.br\/site\/wp-json\/wp\/v2\/media\/10610"}],"wp:attachment":[{"href":"https:\/\/blogdodanielgalvao.com.br\/site\/wp-json\/wp\/v2\/media?parent=10609"}],"wp:term":[{"taxonomy":"category","embeddable":true,"href":"https:\/\/blogdodanielgalvao.com.br\/site\/wp-json\/wp\/v2\/categories?post=10609"},{"taxonomy":"post_tag","embeddable":true,"href":"https:\/\/blogdodanielgalvao.com.br\/site\/wp-json\/wp\/v2\/tags?post=10609"}],"curies":[{"name":"wp","href":"https:\/\/api.w.org\/{rel}","templated":true}]}}