{"id":10603,"date":"2024-07-22T17:59:17","date_gmt":"2024-07-22T20:59:17","guid":{"rendered":"https:\/\/blogdodanielgalvao.com.br\/site\/?p=10603"},"modified":"2024-07-23T17:16:59","modified_gmt":"2024-07-23T20:16:59","slug":"brk-ambiental-anuncia-novas-obras-de-saneamento-em-macae-na-proxima-semana","status":"publish","type":"post","link":"https:\/\/blogdodanielgalvao.com.br\/site\/brk-ambiental-anuncia-novas-obras-de-saneamento-em-macae-na-proxima-semana\/","title":{"rendered":"BRK Ambiental anuncia novas obras de saneamento em Maca\u00e9 na pr\u00f3xima semana"},"content":{"rendered":"<p>A BRK Ambiental anunciou a realiza\u00e7\u00e3o de novas obras de saneamento em Maca\u00e9, com as a\u00e7\u00f5es na Rua da Igualdade, na Imbetiba, e a continuidade da implanta\u00e7\u00e3o da infraestrutura exclusiva para coleta de esgoto na Aroeira.<\/p>\n<p>Segundo a empresa, as obras na Imbetiba provocar\u00e3o mudan\u00e7as no tr\u00e2nsito e um trecho da via, entre a Avenida dos Jesu\u00edtas e a Travessa Barreto, que ser\u00e1 fechada ao tr\u00e1fego de ve\u00edculos, enquanto as obras na Aroeira t\u00eam previs\u00e3o de in\u00edcio na pr\u00f3xima semana, na Rua Otto Pacheco, exigindo mais aten\u00e7\u00e3o \u00e0 sinaliza\u00e7\u00e3o de quem circula pela via.<\/p>\n<p>\u201cO ideal \u00e9 que, no per\u00edodo em que as interven\u00e7\u00f5es acontecem, quem costuma circular por esse local (na Imbetiba) opte por rotas alternativas ou, se tiver que transitar pela parte liberada da via, esteja atento \u00e0 sinaliza\u00e7\u00e3o para evitar acidentes\u201d, afirmou a concession\u00e1ria respons\u00e1vel pelo saneamento na cidade.<\/p>\n<p>De acordo com a BRK Ambiental, a atua\u00e7\u00e3o na Imbetiba ser\u00e1 para a instala\u00e7\u00e3o de estruturas complementares ao sistema j\u00e1 em opera\u00e7\u00e3o no bairro, com a implanta\u00e7\u00e3o de novos po\u00e7os de visita, estruturas que permitem a realiza\u00e7\u00e3o de manuten\u00e7\u00f5es na rede com maior agilidade e precis\u00e3o.<\/p>\n<p>Ap\u00f3s a fase de mobiliza\u00e7\u00e3o e sinaliza\u00e7\u00e3o, as frentes de trabalho atuar\u00e3o no trecho entre as travessas Carapebus e Barreto, avan\u00e7ando para uma faixa pr\u00f3xima ao cruzamento com a Avenida dos Jesu\u00edtas.<\/p>\n<p>\u201cEssa melhoria permitir\u00e1 uma coleta ainda mais eficiente e vai facilitar o acesso da equipe da concession\u00e1ria \u00e0 rede sempre que necess\u00e1rio. Entendemos que os bons resultados nessas interven\u00e7\u00f5es s\u00e3o um desafio que depende da parceria com a popula\u00e7\u00e3o e, por isso, pedimos a compreens\u00e3o de todos com as altera\u00e7\u00f5es, que s\u00e3o pontuais, nesses trechos\u201d, explicou o gerente de Obras e Engenharia da BRK Ambiental em Maca\u00e9, S\u00e9rgio Zau.<\/p>\n<p>Durante as obras na Rua da Igualdade, a sugest\u00e3o da concession\u00e1ria para quem precisa circular pelo trecho da via no sentido Centro \u00e9 procurar rotas por vias alternativas, evitando o trecho em que haver\u00e1 circula\u00e7\u00e3o das equipes e de m\u00e1quinas.<\/p>\n<p>\u201cEntre as op\u00e7\u00f5es est\u00e3o a Rua Dr. Bueno e a Avenida Agenor Caldas. Em caso de impossibilidade de outro itiner\u00e1rio, a BRK Ambiental refor\u00e7a a necessidade de aten\u00e7\u00e3o \u00e0 sinaliza\u00e7\u00e3o para evitar acidentes. A concession\u00e1ria tamb\u00e9m solicita a colabora\u00e7\u00e3o dos condutores em n\u00e3o estacionar os ve\u00edculos em via p\u00fablica no trajeto em que os trabalhos ir\u00e3o avan\u00e7ar. Em casos de tr\u00e2nsito local (moradores), emerg\u00eancias m\u00e9dicas ou de servi\u00e7os essenciais (Bombeiros, Defesa Civil etc.), a passagem ser\u00e1 liberada, na medida do poss\u00edvel\u201d, completou a empresa.<\/p>\n<p>J\u00e1 sobre as obras na Aroeira, a BRK Ambiental explica que, com os avan\u00e7os das frentes de trabalho, tamb\u00e9m podem acontecer interdi\u00e7\u00f5es parciais ou totais no tr\u00e2nsito das vias, al\u00e9m de haver possibilidade de altera\u00e7\u00f5es pontuais na programa\u00e7\u00e3o por motivos t\u00e9cnicos e clim\u00e1ticos.<\/p>\n<p>\u201cA previs\u00e3o \u00e9 de que as equipes realizem trabalhos em 2 trechos a partir do cruzamento com a Rua Francisco Alves Machado. No trecho at\u00e9 a Rua Alceb\u00edades de Azevedo, os trabalhos ser\u00e3o realizados para a execu\u00e7\u00e3o de redes. J\u00e1 no sentido \u00e0 Rua Alzira Maria da Silva Guimar\u00e3es, al\u00e9m da implanta\u00e7\u00e3o de redes, ser\u00e3o instalados\u00a0po\u00e7os de visita e caixas de inspe\u00e7\u00e3o, que s\u00e3o estruturas para a liga\u00e7\u00e3o dos domic\u00edlios \u00e0 rede exclusiva de esgoto\u201d, detalhou a concession\u00e1ria.<\/p>\n<p>De acordo com a empresa, os moradores e motoristas que circulam pelos locais das obras devem ficar atentos \u00e0 sinaliza\u00e7\u00e3o para evitar acidentes, assim como n\u00e3o estacionar nos trechos em que as equipes atua\u00e7\u00e3o durante o per\u00edodo previsto para as obras.<\/p>\n<p>\u201cAs obras fazem parte da amplia\u00e7\u00e3o do sistema exclusivo para a coleta de esgoto na Aroeira. Nesse per\u00edodo de atua\u00e7\u00e3o das nossas equipes s\u00e3o necess\u00e1rias essas altera\u00e7\u00f5es tempor\u00e1rias, mas trata-se de uma interven\u00e7\u00e3o fundamental para o desenvolvimento do bairro e da qualidade de vida de quem mora l\u00e1\u201d, afirmou S\u00e9rgio Zau.<\/p>\n","protected":false},"excerpt":{"rendered":"<p>A BRK Ambiental anunciou a realiza\u00e7\u00e3o de novas obras de saneamento em Maca\u00e9, com as a\u00e7\u00f5es na Rua da Igualdade, na Imbetiba, e a continuidade da implanta\u00e7\u00e3o da infraestrutura exclusiva para coleta de esgoto na Aroeira. Segundo a empresa, as obras na Imbetiba provocar\u00e3o mudan\u00e7as no tr\u00e2nsito e um trecho da via, entre a Avenida [&hellip;]<\/p>\n","protected":false},"author":2,"featured_media":10604,"comment_status":"open","ping_status":"open","sticky":true,"template":"","format":"standard","meta":{"footnotes":""},"categories":[9,14,2],"tags":[],"class_list":["post-10603","post","type-post","status-publish","format-standard","has-post-thumbnail","hentry","category-estado","category-geral","category-macae"],"_links":{"self":[{"href":"https:\/\/blogdodanielgalvao.com.br\/site\/wp-json\/wp\/v2\/posts\/10603","targetHints":{"allow":["GET"]}}],"collection":[{"href":"https:\/\/blogdodanielgalvao.com.br\/site\/wp-json\/wp\/v2\/posts"}],"about":[{"href":"https:\/\/blogdodanielgalvao.com.br\/site\/wp-json\/wp\/v2\/types\/post"}],"author":[{"embeddable":true,"href":"https:\/\/blogdodanielgalvao.com.br\/site\/wp-json\/wp\/v2\/users\/2"}],"replies":[{"embeddable":true,"href":"https:\/\/blogdodanielgalvao.com.br\/site\/wp-json\/wp\/v2\/comments?post=10603"}],"version-history":[{"count":1,"href":"https:\/\/blogdodanielgalvao.com.br\/site\/wp-json\/wp\/v2\/posts\/10603\/revisions"}],"predecessor-version":[{"id":10605,"href":"https:\/\/blogdodanielgalvao.com.br\/site\/wp-json\/wp\/v2\/posts\/10603\/revisions\/10605"}],"wp:featuredmedia":[{"embeddable":true,"href":"https:\/\/blogdodanielgalvao.com.br\/site\/wp-json\/wp\/v2\/media\/10604"}],"wp:attachment":[{"href":"https:\/\/blogdodanielgalvao.com.br\/site\/wp-json\/wp\/v2\/media?parent=10603"}],"wp:term":[{"taxonomy":"category","embeddable":true,"href":"https:\/\/blogdodanielgalvao.com.br\/site\/wp-json\/wp\/v2\/categories?post=10603"},{"taxonomy":"post_tag","embeddable":true,"href":"https:\/\/blogdodanielgalvao.com.br\/site\/wp-json\/wp\/v2\/tags?post=10603"}],"curies":[{"name":"wp","href":"https:\/\/api.w.org\/{rel}","templated":true}]}}