{"id":10600,"date":"2024-07-21T10:46:11","date_gmt":"2024-07-21T13:46:11","guid":{"rendered":"https:\/\/blogdodanielgalvao.com.br\/site\/?p=10600"},"modified":"2024-07-19T17:36:12","modified_gmt":"2024-07-19T20:36:12","slug":"redes-de-pesca-irregulares-sao-apreendidas-em-acao-conjunta-da-prefeitura-de-macae-e-do-inea","status":"publish","type":"post","link":"https:\/\/blogdodanielgalvao.com.br\/site\/redes-de-pesca-irregulares-sao-apreendidas-em-acao-conjunta-da-prefeitura-de-macae-e-do-inea\/","title":{"rendered":"Redes de pesca irregulares s\u00e3o apreendidas em a\u00e7\u00e3o conjunta da Prefeitura de Maca\u00e9 e do Inea"},"content":{"rendered":"<p>Em mais uma a\u00e7\u00e3o conjunta realizada na Lagoa de Imboassica nessa semana, a Prefeitura de Maca\u00e9 e o Instituto Estadual de Ambiente (Inea) realizaram a apreens\u00e3o de redes de pesca irregulares e tarrafas.<\/p>\n<p>A prefeitura explicou a Guarda Ambiental realiza a\u00e7\u00f5es de monitoramento nas \u00e1guas da lagoa diariamente, enquanto a\u00e7\u00f5es pontuais como as dessa semana, coordenadas pela Secretaria de Ambiente e Sustentabilidade e pelo Inea, aconteceram em raz\u00e3o das diversas den\u00fancias recebidas.<\/p>\n<p>Durante as a\u00e7\u00f5es, realizadas na \u00faltima quarta-feira, 17, as equipes apreenderam uma tarrafa de 50 mil\u00edmetros (mm) e redes de pesca de 70mm, algumas com 330 metros (m) de comprimento, sendo que a toler\u00e2ncia do padr\u00e3o da rede \u00e9 de 400m por pescador.<\/p>\n<p>Segundo o munic\u00edpio, em 16 a\u00e7\u00f5es conjuntas da Secretaria de Ambiente e Sustentabilidade e do Inea, realizadas entre o in\u00edcio de mar\u00e7o e o \u00faltimo dia 18 de julho desse ano, j\u00e1 foram apreendidos aproximadamente 8 mil metros de redes irregulares, al\u00e9m de 5 tarrafas.<\/p>\n","protected":false},"excerpt":{"rendered":"<p>Em mais uma a\u00e7\u00e3o conjunta realizada na Lagoa de Imboassica nessa semana, a Prefeitura de Maca\u00e9 e o Instituto Estadual de Ambiente (Inea) realizaram a apreens\u00e3o de redes de pesca irregulares e tarrafas. A prefeitura explicou a Guarda Ambiental realiza a\u00e7\u00f5es de monitoramento nas \u00e1guas da lagoa diariamente, enquanto a\u00e7\u00f5es pontuais como as dessa semana, [&hellip;]<\/p>\n","protected":false},"author":2,"featured_media":10601,"comment_status":"open","ping_status":"open","sticky":true,"template":"","format":"standard","meta":{"footnotes":""},"categories":[9,14,2],"tags":[],"class_list":["post-10600","post","type-post","status-publish","format-standard","has-post-thumbnail","hentry","category-estado","category-geral","category-macae"],"_links":{"self":[{"href":"https:\/\/blogdodanielgalvao.com.br\/site\/wp-json\/wp\/v2\/posts\/10600","targetHints":{"allow":["GET"]}}],"collection":[{"href":"https:\/\/blogdodanielgalvao.com.br\/site\/wp-json\/wp\/v2\/posts"}],"about":[{"href":"https:\/\/blogdodanielgalvao.com.br\/site\/wp-json\/wp\/v2\/types\/post"}],"author":[{"embeddable":true,"href":"https:\/\/blogdodanielgalvao.com.br\/site\/wp-json\/wp\/v2\/users\/2"}],"replies":[{"embeddable":true,"href":"https:\/\/blogdodanielgalvao.com.br\/site\/wp-json\/wp\/v2\/comments?post=10600"}],"version-history":[{"count":1,"href":"https:\/\/blogdodanielgalvao.com.br\/site\/wp-json\/wp\/v2\/posts\/10600\/revisions"}],"predecessor-version":[{"id":10602,"href":"https:\/\/blogdodanielgalvao.com.br\/site\/wp-json\/wp\/v2\/posts\/10600\/revisions\/10602"}],"wp:featuredmedia":[{"embeddable":true,"href":"https:\/\/blogdodanielgalvao.com.br\/site\/wp-json\/wp\/v2\/media\/10601"}],"wp:attachment":[{"href":"https:\/\/blogdodanielgalvao.com.br\/site\/wp-json\/wp\/v2\/media?parent=10600"}],"wp:term":[{"taxonomy":"category","embeddable":true,"href":"https:\/\/blogdodanielgalvao.com.br\/site\/wp-json\/wp\/v2\/categories?post=10600"},{"taxonomy":"post_tag","embeddable":true,"href":"https:\/\/blogdodanielgalvao.com.br\/site\/wp-json\/wp\/v2\/tags?post=10600"}],"curies":[{"name":"wp","href":"https:\/\/api.w.org\/{rel}","templated":true}]}}