{"id":10591,"date":"2024-07-18T16:15:49","date_gmt":"2024-07-18T19:15:49","guid":{"rendered":"https:\/\/blogdodanielgalvao.com.br\/site\/?p=10591"},"modified":"2024-07-19T16:37:26","modified_gmt":"2024-07-19T19:37:26","slug":"crianca-morre-com-suspeita-de-meningite-em-friburgo","status":"publish","type":"post","link":"https:\/\/blogdodanielgalvao.com.br\/site\/crianca-morre-com-suspeita-de-meningite-em-friburgo\/","title":{"rendered":"Crian\u00e7a morre com suspeita de meningite em Friburgo"},"content":{"rendered":"<p style=\"text-align: center;\"><strong><em>Causa do \u00f3bito ainda est\u00e1 sendo investigada e amostra cl\u00ednica foi encaminhada para laborat\u00f3rio na capital<\/em><\/strong><\/p>\n<p>Atrav\u00e9s das redes sociais, a Prefeitura de Nova Friburgo divulgou, nesta quarta-feira, 17, um comunicado de \u201cocorr\u00eancia de um caso suspeito de meningite no munic\u00edpio, que resultou em \u00f3bito no dia 15 de julho de 2024\u201d.<\/p>\n<p>De acordo com a postagem, o caso refere-se a uma crian\u00e7a, do sexo feminino, sem comorbidades conhecidas, mas que apresentava fatores de riscos, uma otite preexistente e bronquite asm\u00e1tica.<\/p>\n<p>A morte da menina est\u00e1 em investiga\u00e7\u00e3o. Uma amostra cl\u00ednica foi coletada e encaminhada ao Laborat\u00f3rio Central de Sa\u00fade P\u00fablica (Lacen), na capital fluminense, para a realiza\u00e7\u00e3o dos testes necess\u00e1rios que ir\u00e3o identificar a causa da morte. A Secretaria Municipal de Sa\u00fade de Nova Friburgo aguarda os resultados para confirma\u00e7\u00e3o diagn\u00f3stica. E destaca que est\u00e1 tomando todas as medidas preventivas e necess\u00e1rias.<\/p>\n<div>\n<div class=\"trv-player-container\">\n<div class=\"trv-wrapper\">\n<div id=\"br_video_player_820320f59c6f5f04534b84acc8ba2963fedc110c\" class=\"trvd_video_player\">\n<div class=\"media-player\">\n<div class=\"trv-video\">\n<div id=\"truvid_ima_container51296\" class=\"truvid_ima_container\">\n<div>\n<p><strong>O que \u00e9 a meningite<\/strong><\/p>\n<p>A meningite \u00e9 uma inflama\u00e7\u00e3o das membranas que revestem o c\u00e9rebro e a medula espinhal, conhecidas como meninges. Esta condi\u00e7\u00e3o pode ser causada por diversos agentes infecciosos, sendo as bact\u00e9rias uns dos agentes mais comuns e graves.<\/p>\n<p><em>Tipos de meningite<\/em><\/p>\n<ul>\n<li><em>Viral<\/em>: \u00e9 o tipo mais comum no Brasil e apresenta menor gravidade que a bacteriana. Pode acometer crian\u00e7as e adultos.<\/li>\n<li><em>Bacteriana<\/em>: causada por diferentes bact\u00e9rias como\u00a0<em>Streptococcus pneumoniae, Neisseria meningitidis e Haemophilus influenzae<\/em>\u00a0tipo b. A bact\u00e9ria causadora da tuberculose (<em>Mycobacterium tuberculosis<\/em>) tamb\u00e9m pode causar meningite, principalmente em crian\u00e7as pequenas. A meningite acomete com mais frequ\u00eancia crian\u00e7as e adolescentes, podendo ser bastante grave.<\/li>\n<li><em>F\u00fangica<\/em>: \u00e9 a forma mais rara e costuma acometer pessoas com alguma condi\u00e7\u00e3o de imunodefici\u00eancia.<\/li>\n<\/ul>\n<p><em>Como \u00e9 transmitida<\/em><\/p>\n<p>A meningite pode ser transmitida pelo indiv\u00edduo doente ou pelo portador atrav\u00e9s de got\u00edculas respirat\u00f3rias e secre\u00e7\u00f5es do nariz e garganta. Existem casos em que o portador \u00e9 assintom\u00e1tico e n\u00e3o sabe que est\u00e1 colonizado pela bact\u00e9ria, podendo transmiti-la para outras pessoas.<\/p>\n<p><em>Sintomas<\/em><\/p>\n<p>Os sintomas variam de acordo com o tipo de meningite e idade do paciente acometido. Entretanto, n\u00e3o \u00e9 poss\u00edvel distinguir o tipo de meningite s\u00f3 pelos seus sinais e sintomas. Em caso de suspeita, o m\u00e9dico dever\u00e1 ser consultado o mais r\u00e1pido poss\u00edvel, para realizar o diagn\u00f3stico e recomendar o tratamento espec\u00edfico para cada caso.<\/p>\n<p>Os principais sintomas indicativos de meningite viral s\u00e3o: febre; dor de cabe\u00e7a; irritabilidade; falta de apetite; n\u00e1useas ou v\u00f4mitos. J\u00e1 os sintomas de meningite bacteriana s\u00e3o: febre alta; dor de cabe\u00e7a intensa; n\u00e1useas e v\u00f4mitos; irritabilidade; manchas vermelhas na pele; confus\u00e3o mental. As principais caracter\u00edsticas de um quadro de meningite f\u00fangica s\u00e3o: dor de cabe\u00e7a forte; cansa\u00e7o e sonol\u00eancia; convuls\u00f5es e confus\u00e3o mental.<\/p>\n<p><em>O tratamento<\/em><\/p>\n<p>O tratamento \u00e9 definido pelo m\u00e9dico dependendo de cada caso e do tipo de germe causador da meningite. Normalmente s\u00e3o utilizados antibi\u00f3ticos ou antif\u00fangicos.<\/p>\n<p><em>Como prevenir<\/em><\/p>\n<p>Atualmente a maneira mais eficaz de preven\u00e7\u00e3o \u00e9 tomar as vacinas contra meningite. As dispon\u00edveis s\u00e3o: BCG; Meningoc\u00f3cica ACWY; Meningoc\u00f3cica B; Meningoc\u00f3cica C; Pneumoc\u00f3cica 10-valente, Pneumoc\u00f3cica 13-valente e Pneumoc\u00f3cica 23-valente; Haemophilus influenzae tipo b, dispon\u00edveis nas salas de vacina dos postos de sa\u00fade. Manter a carteira de vacina\u00e7\u00e3o atualizada \u00e9 essencial em todos os momentos da vida. N\u00e3o deixe de se proteger.<\/p>\n<p><em>Doen\u00e7as oportunistas que podem causar meningite<\/em><\/p>\n<p>A meningite pode ser desencadeada por diversas doen\u00e7as oportunistas, especialmente aquelas que afetam o trato respirat\u00f3rio superior e ouvidos, incluindo:<\/p>\n<ul>\n<li><em>Otites<\/em>: as infec\u00e7\u00f5es de ouvido, como a otite m\u00e9dia, podem facilitar a entrada de bact\u00e9rias no sistema nervoso central, especialmente em crian\u00e7as. Otites cr\u00f4nicas ou mal tratadas s\u00e3o um fator de risco significativo;<\/li>\n<li><em>Sinusites<\/em>: infec\u00e7\u00f5es dos seios da face podem propagar bact\u00e9rias para as meninges. Sinusites bacterianas, em particular, s\u00e3o preocupantes quando n\u00e3o tratadas adequadamente;<\/li>\n<li><em>Amigdalites<\/em>: infec\u00e7\u00f5es das am\u00edgdalas podem, em casos severos, disseminar a infec\u00e7\u00e3o para as meninges;<\/li>\n<li><em>Faringites<\/em>: infec\u00e7\u00f5es da garganta tamb\u00e9m podem, em alguns casos, levar a complica\u00e7\u00f5es como a meningite.<\/li>\n<\/ul>\n<p><strong>Ministra da Sa\u00fade comemora dados da imuniza\u00e7\u00e3o infantil<\/strong><\/p>\n<p>A ministra da Sa\u00fade, N\u00edsia Trindade, avalia que a melhoria da cobertura vacinal no Brasil \u00e9 consequ\u00eancia do comprometimento dos trabalhadores da sa\u00fade, associado a iniciativas do governo. Al\u00e9m de acentuar o combate \u00e0 propaga\u00e7\u00e3o de fake news e de renovar equipamentos que garantam a conserva\u00e7\u00e3o de vacinas por per\u00edodos mais longos, o Governo Federal tem desenvolvido estrat\u00e9gias locais envolvendo a sociedade.<\/p>\n<p>A declara\u00e7\u00e3o foi feita em entrevista a emissoras de r\u00e1dio durante o programa \u201cBom Dia, Ministra\u201d, produzido pela Empresa Brasil de Comunica\u00e7\u00e3o (EBC). N\u00edsia Trindade comemorou os dados divulgados pelo Fundo das Na\u00e7\u00f5es Unidas para a Inf\u00e2ncia (Unicef) e pela Organiza\u00e7\u00e3o Mundial da Sa\u00fade (OMS) que fez o pa\u00eds deixar o ranking das 20 na\u00e7\u00f5es com mais crian\u00e7as n\u00e3o vacinadas.<\/p>\n<p>A melhoria da cobertura em 2023 abrange as vacinas contra a poliomielite (VIP e VOP), pentavalente, rotav\u00edrus, hepatite A, febre amarela, meningoc\u00f3cica C (1\u00aa dose e refor\u00e7o), pneumoc\u00f3cica 10 (1\u00aa dose e refor\u00e7o), tr\u00edplice viral (1\u00aa e 2\u00aa doses) e refor\u00e7o da tr\u00edplice bacteriana (DTP).<\/p>\n<p>Segundo a ministra, o resultado \u00e9 uma consequ\u00eancia do \u201ccomprometimento dos trabalhadores da sa\u00fade\u201d. \u201cOutro fator importante \u00e9 o combate \u00e0 desinforma\u00e7\u00e3o, que desde o ano passado vem sendo combatida pela plataforma Sa\u00fade com Ci\u00eancia\u201d, acrescentou ao se referir ao programa criado com o objetivo de defender a vacina\u00e7\u00e3o e enfrentar a desinforma\u00e7\u00e3o.<\/p>\n<p>\u201cO mais importante \u00e9 o governo dizer a todos que t\u00eam de se vacinar\u201d, acrescentou ao destacar que, para atingir esse objetivo, foram adotadas estrat\u00e9gias locais, com a sociedade e governo integrados, favorecendo tamb\u00e9m as iniciativas de atendimento \u00e0 sa\u00fade nas resid\u00eancias, bem como os cursos e informa\u00e7\u00f5es difundidos pela Universidade Aberta dos SUS (UnA-SUS).<\/p>\n<p>N\u00edsia Trindade destacou tamb\u00e9m a iniciativa do governo de renovar a chamada Rede de Frio, tamb\u00e9m do Programa Nacional de Imuniza\u00e7\u00f5es, que viabiliza estruturas f\u00edsicas e t\u00e9cnico-administrativas nas tr\u00eas esferas de governo que garantem a manuten\u00e7\u00e3o da qualidade dos imunobiol\u00f3gicos adquiridos pelo Minist\u00e9rio da Sa\u00fade, distribu\u00eddos em todo o pa\u00eds.<\/p>\n<p><strong>Vacina\u00e7\u00e3o em Nova Friburgo<\/strong><\/p>\n<p>De acordo com dados da Secretaria Municipal de Sa\u00fade, nos \u00faltimos seis meses, 258 crian\u00e7as com menos de um ano e 156 crian\u00e7as de um ano foram vacinadas com o imunobiol\u00f3gico meningo ACWY; e 709 crian\u00e7as com menos de um ano e 441 crian\u00e7as de um ano com o imunobiol\u00f3gico meningo C, totalizando 1.564 crian\u00e7as imunizadas.<\/p>\n<p>A vacina\u00e7\u00e3o infantil em Nova Friburgo acontece de segunda a sexta-feira, das 8h \u00e0s 16h30, nos postos de sa\u00fade S\u00edlvio Henrique Braune, no Suspiro; Tunney Kassuga, no bairro Olaria; Ariosto Bento de Mello, no Cordoeira; Jos\u00e9 Copertino Nogueira, em S\u00e3o Geraldo, e Waldir Costa, no distrito de Conselheiro Paulino.<\/p>\n<\/div>\n<\/div>\n<\/div>\n<\/div>\n<\/div>\n<\/div>\n<\/div>\n<\/div>\n","protected":false},"excerpt":{"rendered":"<p>Causa do \u00f3bito ainda est\u00e1 sendo investigada e amostra cl\u00ednica foi encaminhada para laborat\u00f3rio na capital Atrav\u00e9s das redes sociais, a Prefeitura de Nova Friburgo divulgou, nesta quarta-feira, 17, um comunicado de \u201cocorr\u00eancia de um caso suspeito de meningite no munic\u00edpio, que resultou em \u00f3bito no dia 15 de julho de 2024\u201d. De acordo com [&hellip;]<\/p>\n","protected":false},"author":2,"featured_media":10592,"comment_status":"open","ping_status":"open","sticky":true,"template":"","format":"standard","meta":{"footnotes":""},"categories":[9,14,321],"tags":[],"class_list":["post-10591","post","type-post","status-publish","format-standard","has-post-thumbnail","hentry","category-estado","category-geral","category-nova-friburgo"],"_links":{"self":[{"href":"https:\/\/blogdodanielgalvao.com.br\/site\/wp-json\/wp\/v2\/posts\/10591","targetHints":{"allow":["GET"]}}],"collection":[{"href":"https:\/\/blogdodanielgalvao.com.br\/site\/wp-json\/wp\/v2\/posts"}],"about":[{"href":"https:\/\/blogdodanielgalvao.com.br\/site\/wp-json\/wp\/v2\/types\/post"}],"author":[{"embeddable":true,"href":"https:\/\/blogdodanielgalvao.com.br\/site\/wp-json\/wp\/v2\/users\/2"}],"replies":[{"embeddable":true,"href":"https:\/\/blogdodanielgalvao.com.br\/site\/wp-json\/wp\/v2\/comments?post=10591"}],"version-history":[{"count":1,"href":"https:\/\/blogdodanielgalvao.com.br\/site\/wp-json\/wp\/v2\/posts\/10591\/revisions"}],"predecessor-version":[{"id":10593,"href":"https:\/\/blogdodanielgalvao.com.br\/site\/wp-json\/wp\/v2\/posts\/10591\/revisions\/10593"}],"wp:featuredmedia":[{"embeddable":true,"href":"https:\/\/blogdodanielgalvao.com.br\/site\/wp-json\/wp\/v2\/media\/10592"}],"wp:attachment":[{"href":"https:\/\/blogdodanielgalvao.com.br\/site\/wp-json\/wp\/v2\/media?parent=10591"}],"wp:term":[{"taxonomy":"category","embeddable":true,"href":"https:\/\/blogdodanielgalvao.com.br\/site\/wp-json\/wp\/v2\/categories?post=10591"},{"taxonomy":"post_tag","embeddable":true,"href":"https:\/\/blogdodanielgalvao.com.br\/site\/wp-json\/wp\/v2\/tags?post=10591"}],"curies":[{"name":"wp","href":"https:\/\/api.w.org\/{rel}","templated":true}]}}