{"id":10588,"date":"2024-07-17T17:27:44","date_gmt":"2024-07-17T20:27:44","guid":{"rendered":"https:\/\/blogdodanielgalvao.com.br\/site\/?p=10588"},"modified":"2024-07-17T17:42:00","modified_gmt":"2024-07-17T20:42:00","slug":"macae-recebe-o-trem-do-samba-com-show-gratuito-na-imbetiba-neste-domingo","status":"publish","type":"post","link":"https:\/\/blogdodanielgalvao.com.br\/site\/macae-recebe-o-trem-do-samba-com-show-gratuito-na-imbetiba-neste-domingo\/","title":{"rendered":"Maca\u00e9 recebe o Trem do samba com show gratuito na Imbetiba, neste domingo"},"content":{"rendered":"<p>Neste domingo, dia 21, um grande show ser\u00e1 realizado na Imbetiba, a partir das 15h, pelo projeto Trem do Samba pelas estradas. Marquinhos de Oswaldo Cruz e sua banda receber\u00e3o os artistas Alex Ribeiro, Alo\u00edzio Machado e a Velha guarda do Imp\u00e9rio Serrano. Haver\u00e1 a participa\u00e7\u00e3o especial da artista local J\u00f4 Wilme.<br \/>\nEsse projeto acontece no RJ h\u00e1 30 anos todo dia 02 de Dezembro, Dia Nacional do Samba, quando o Trem do Samba sai da Central do Brasil at\u00e9 Oswaldo Cruz, levando mais 200 mil pessoas para o sub\u00farbio.<br \/>\nDevido ao sucesso ele agora \u00e9 itinerante e est\u00e1 sendo mostrado passando por diferentes bairros e cidades do Estado do RJ, catalogando e cantando a mem\u00f3ria de cada comunidade.<br \/>\nAlex Ribeiro cantar\u00e1 as m\u00fasicas que fizeram de seu pai, Roberto Ribeiro, um dos maiores cantores da hist\u00f3ria do samba. O grande Alo\u00edsio Machado far\u00e1, com Marquinhos de Oswaldo Cruz, uma homenagem a Benedito Lacerda, natural de Maca\u00e9, renomado compositor e o maior parceiro do g\u00eanio Pixinguinha. J\u00e1 a Velha Guarda do Imp\u00e9rio Serrano nos presentear\u00e1 com seus in\u00fameros sucessos.<br \/>\nO Trem do Samba \u00e9 uma a\u00e7\u00e3o de salvaguarda do Dossi\u00ea Matrizes do Samba, que tornou o samba patrim\u00f4nio cultural. Esse projeto possui o patroc\u00ednio da Petrobr\u00e1s. A produ\u00e7\u00e3o local \u00e9 da Gaia Arte e Entretenimento com apoio do SINDIPETRONF. Visite: @tremdosamba.oficial<\/p>\n<p>Curiosidades sobre o TREM DO SAMBA<br \/>\nTodo ano, uma multid\u00e3o refaz o trajeto que Paulo da Portela percorria em seu retorno para casa na d\u00e9cada de 1920, pegando o trem da Central do Brasil at\u00e9 Oswaldo Cruz. Chegando ao bairro, diversos palcos e dezenas de rodas de samba ocorrem simultaneamente, em uma festa grandiosa da qual Marquinhos de Oswaldo Cruz \u00e9 anfitri\u00e3o.<br \/>\nAinda no fim dos anos 1990, Marquinhos levou sua m\u00fasica para os bares da Lapa, ber\u00e7o da boemia carioca. Com outros sambistas, fundou o Movimento Samba de Raiz sob os Arcos. No in\u00edcio dos anos 2000, sua m\u00fasica o levou a protagonizar outro grande projeto: a cria\u00e7\u00e3o da \u201cFeijoada da Fam\u00edlia Portelense\u201d. Em 2006, Marquinhos decidiu promover um evento mensal gratuito no bairro de Oswaldo Cruz, misturando seu samba \u00e0 tradicional culin\u00e1ria local. Assim nasceu a \u201cFeira das Yab\u00e1s\u201d. Em 2019, sua m\u00fasica rompeu barreiras continentais, trazendo para o Rio de Janeiro a F\u00eate de la Musique, que acontece na Fran\u00e7a desde a d\u00e9cada de 1980. Atualmente, o compositor segue firme em sua milit\u00e2ncia pela valoriza\u00e7\u00e3o do samba.<\/p>\n","protected":false},"excerpt":{"rendered":"<p>Neste domingo, dia 21, um grande show ser\u00e1 realizado na Imbetiba, a partir das 15h, pelo projeto Trem do Samba pelas estradas. Marquinhos de Oswaldo Cruz e sua banda receber\u00e3o os artistas Alex Ribeiro, Alo\u00edzio Machado e a Velha guarda do Imp\u00e9rio Serrano. Haver\u00e1 a participa\u00e7\u00e3o especial da artista local J\u00f4 Wilme. Esse projeto acontece [&hellip;]<\/p>\n","protected":false},"author":2,"featured_media":10589,"comment_status":"open","ping_status":"open","sticky":true,"template":"","format":"standard","meta":{"footnotes":""},"categories":[9,14,2],"tags":[],"class_list":["post-10588","post","type-post","status-publish","format-standard","has-post-thumbnail","hentry","category-estado","category-geral","category-macae"],"_links":{"self":[{"href":"https:\/\/blogdodanielgalvao.com.br\/site\/wp-json\/wp\/v2\/posts\/10588","targetHints":{"allow":["GET"]}}],"collection":[{"href":"https:\/\/blogdodanielgalvao.com.br\/site\/wp-json\/wp\/v2\/posts"}],"about":[{"href":"https:\/\/blogdodanielgalvao.com.br\/site\/wp-json\/wp\/v2\/types\/post"}],"author":[{"embeddable":true,"href":"https:\/\/blogdodanielgalvao.com.br\/site\/wp-json\/wp\/v2\/users\/2"}],"replies":[{"embeddable":true,"href":"https:\/\/blogdodanielgalvao.com.br\/site\/wp-json\/wp\/v2\/comments?post=10588"}],"version-history":[{"count":1,"href":"https:\/\/blogdodanielgalvao.com.br\/site\/wp-json\/wp\/v2\/posts\/10588\/revisions"}],"predecessor-version":[{"id":10590,"href":"https:\/\/blogdodanielgalvao.com.br\/site\/wp-json\/wp\/v2\/posts\/10588\/revisions\/10590"}],"wp:featuredmedia":[{"embeddable":true,"href":"https:\/\/blogdodanielgalvao.com.br\/site\/wp-json\/wp\/v2\/media\/10589"}],"wp:attachment":[{"href":"https:\/\/blogdodanielgalvao.com.br\/site\/wp-json\/wp\/v2\/media?parent=10588"}],"wp:term":[{"taxonomy":"category","embeddable":true,"href":"https:\/\/blogdodanielgalvao.com.br\/site\/wp-json\/wp\/v2\/categories?post=10588"},{"taxonomy":"post_tag","embeddable":true,"href":"https:\/\/blogdodanielgalvao.com.br\/site\/wp-json\/wp\/v2\/tags?post=10588"}],"curies":[{"name":"wp","href":"https:\/\/api.w.org\/{rel}","templated":true}]}}