{"id":10562,"date":"2024-07-11T16:26:36","date_gmt":"2024-07-11T19:26:36","guid":{"rendered":"https:\/\/blogdodanielgalvao.com.br\/site\/?p=10562"},"modified":"2024-07-12T16:52:25","modified_gmt":"2024-07-12T19:52:25","slug":"ong-de-protecao-animal-denuncia-que-esta-sem-luz-agua-e-racao","status":"publish","type":"post","link":"https:\/\/blogdodanielgalvao.com.br\/site\/ong-de-protecao-animal-denuncia-que-esta-sem-luz-agua-e-racao\/","title":{"rendered":"ONG de prote\u00e7\u00e3o animal denuncia que est\u00e1 sem luz, \u00e1gua e ra\u00e7\u00e3o"},"content":{"rendered":"<p style=\"text-align: center;\"><strong><em>Prefeitura informou que a Companhia dos Bichos e da Natureza (Combina) est\u00e1 em situa\u00e7\u00e3o irregular<\/em><\/strong><\/p>\n<p>&nbsp;<\/p>\n<p>A Companhia dos Bichos e da Natureza (Combina) denunciou nesta semana nas redes sociais que est\u00e1 em uma situa\u00e7\u00e3o cr\u00edtica por falta de repasses da Prefeitura de Nova Friburgo. A Organiza\u00e7\u00e3o n\u00e3o governamental (ONG) anunciou que est\u00e1 sem \u00e1gua, luz e ra\u00e7\u00e3o para os animais.<\/p>\n<p>\u201cA Combina Abrigo se encontra hoje com o fornecimento de \u00e1gua e energia el\u00e9trica suspensos. O contrato foi feito mas n\u00e3o recebemos nenhum centavo at\u00e9 agora. Para comprar ra\u00e7\u00e3o estamos recorrendo a ajuda de amigos. Ficar sem \u00e1gua \u00e9 muito desumano\u201d, esclarece a respons\u00e1vel pela ONG, Juliana Matta, que solicita ajuda para quem puder colaborar. A chave pix \u00e9 (22)98186-5059. \u201cO que podemos dizer mais da gest\u00e3o do prefeito\u00a0 Johnny Maycon que at\u00e9 o \u00faltimo momento em que p\u00f4de fazer propaganda pol\u00edtica anunciou at\u00e9 que Nova Friburgo ter\u00e1 uma cl\u00ednica para socorro de animais acidentados. E os animais que est\u00e3o vivos, sem \u00e1gua, sem comida e no escuro? Isso \u00e9 um caso de pol\u00edcia. Mas nesse governo, pelo jeito, ningu\u00e9m tem medo da pol\u00edcia\u201d, desabafou Juliana. \u201cO procurador do munic\u00edpio, Jo\u00e3o Paulo, se sentiu ultrajado por mim. Por isso, demora do tempo que ele puder demorar para fazer os repasses para a Combina\u201d, completou a diretora da ONG.<\/p>\n<p>Juliana relata ainda que em 2020, 2021 e 2022, 2023 os repasses do munic\u00edpio foram feitos normalmente. \u201cAgora estamos precisando de ajuda. O que se pode dizer de uma prefeitura que s\u00f3 possui dois caminh\u00f5es pipas que vivem quebrados? Pelo menos 25 anos da minha vida foram dedicados \u00e0 causa animal e eu nunca, nesse tempo todo, passei pelo o que estou passando agora\u201d, frisou Juliana, atrav\u00e9s de um v\u00eddeo publicado nas redes sociais. Juliana esclareceu que esteve nesta ter\u00e7a-feira, 9, na Defensoria P\u00fablica de Nova Friburgo e que agendou um hor\u00e1rio no dia 5 de agosto para apelar a Justi\u00e7a uma solu\u00e7\u00e3o para o caso.<\/p>\n<div class=\"content-body\">\n<p>a Prefeitura de Nova Friburgo, que em nota, esclareceu que \u201cas informa\u00e7\u00f5es divulgadas nas redes sociais pela ONG Combina n\u00e3o correspondem \u00e0 verdade dos fatos. A Companhia dos Bichos e da Natureza est\u00e1 em uma situa\u00e7\u00e3o de grave irregularidade que j\u00e1 foi apontada desde o ano passado, por\u00e9m, sem qualquer melhoria.\u201d<\/p>\n<p>A prefeitura informou ainda que \u201cdentre os pontos, destaca-se a aus\u00eancia de licen\u00e7a sanit\u00e1ria, o descumprimento de cl\u00e1usulas de um TAC (Termo de Ajustamento de Conduta) que impedem o acolhimento de novos animais e a aus\u00eancia de participa\u00e7\u00e3o nas campanhas de ado\u00e7\u00e3o. Desde o ano passado, o munic\u00edpio j\u00e1 havia informado \u00e0 representante legal da ONG a necessidade de adequa\u00e7\u00e3o, mas nada foi feito\u201d, diz a nota. .<\/p>\n<p>A prefeitura esclareceu na nota que \u201ca fim de evitar maiores transtornos, na \u00faltima semana, entendeu-se como poss\u00edvel a concess\u00e3o da subven\u00e7\u00e3o, desde que assumidas diversas obriga\u00e7\u00f5es por parte da Combina. Com isso, esclarece-se que n\u00e3o h\u00e1 atraso, nem falta de pagamento, mas sim verdadeira situa\u00e7\u00e3o de irregularidade da Combina, o que impedia o regular andamento do processo administrativo de subven\u00e7\u00e3o. Agora, com as cl\u00e1usulas firmadas e o termo assinado, ser\u00e3o adotadas as medidas para pagamento da subven\u00e7\u00e3o conforme ajustado e desde que haja o cumprimento das obriga\u00e7\u00f5es assumidas pela ONG.\u201d<\/p>\n<\/div>\n<div id=\"M740639ScriptRootC1185492_1276a\">\n<div id=\"MarketGidComposite1185492_1276a\" class=\"_mgw_1185492 _mgVideoBlock_1185492\" data-mgloaded=\"true\">\n<div>\n<div class=\"mgbox\">\n<div class=\"mgheader\"><\/div>\n<\/div>\n<\/div>\n<\/div>\n<\/div>\n","protected":false},"excerpt":{"rendered":"<p>Prefeitura informou que a Companhia dos Bichos e da Natureza (Combina) est\u00e1 em situa\u00e7\u00e3o irregular &nbsp; A Companhia dos Bichos e da Natureza (Combina) denunciou nesta semana nas redes sociais que est\u00e1 em uma situa\u00e7\u00e3o cr\u00edtica por falta de repasses da Prefeitura de Nova Friburgo. A Organiza\u00e7\u00e3o n\u00e3o governamental (ONG) anunciou que est\u00e1 sem \u00e1gua, [&hellip;]<\/p>\n","protected":false},"author":2,"featured_media":10563,"comment_status":"open","ping_status":"open","sticky":true,"template":"","format":"standard","meta":{"footnotes":""},"categories":[9,14,321],"tags":[],"class_list":["post-10562","post","type-post","status-publish","format-standard","has-post-thumbnail","hentry","category-estado","category-geral","category-nova-friburgo"],"_links":{"self":[{"href":"https:\/\/blogdodanielgalvao.com.br\/site\/wp-json\/wp\/v2\/posts\/10562","targetHints":{"allow":["GET"]}}],"collection":[{"href":"https:\/\/blogdodanielgalvao.com.br\/site\/wp-json\/wp\/v2\/posts"}],"about":[{"href":"https:\/\/blogdodanielgalvao.com.br\/site\/wp-json\/wp\/v2\/types\/post"}],"author":[{"embeddable":true,"href":"https:\/\/blogdodanielgalvao.com.br\/site\/wp-json\/wp\/v2\/users\/2"}],"replies":[{"embeddable":true,"href":"https:\/\/blogdodanielgalvao.com.br\/site\/wp-json\/wp\/v2\/comments?post=10562"}],"version-history":[{"count":1,"href":"https:\/\/blogdodanielgalvao.com.br\/site\/wp-json\/wp\/v2\/posts\/10562\/revisions"}],"predecessor-version":[{"id":10564,"href":"https:\/\/blogdodanielgalvao.com.br\/site\/wp-json\/wp\/v2\/posts\/10562\/revisions\/10564"}],"wp:featuredmedia":[{"embeddable":true,"href":"https:\/\/blogdodanielgalvao.com.br\/site\/wp-json\/wp\/v2\/media\/10563"}],"wp:attachment":[{"href":"https:\/\/blogdodanielgalvao.com.br\/site\/wp-json\/wp\/v2\/media?parent=10562"}],"wp:term":[{"taxonomy":"category","embeddable":true,"href":"https:\/\/blogdodanielgalvao.com.br\/site\/wp-json\/wp\/v2\/categories?post=10562"},{"taxonomy":"post_tag","embeddable":true,"href":"https:\/\/blogdodanielgalvao.com.br\/site\/wp-json\/wp\/v2\/tags?post=10562"}],"curies":[{"name":"wp","href":"https:\/\/api.w.org\/{rel}","templated":true}]}}