{"id":10558,"date":"2024-07-10T17:54:09","date_gmt":"2024-07-10T20:54:09","guid":{"rendered":"https:\/\/blogdodanielgalvao.com.br\/site\/?p=10558"},"modified":"2024-07-10T17:54:54","modified_gmt":"2024-07-10T20:54:54","slug":"avanco-da-dengue-mais-dois-obitos-em-nova-friburgo","status":"publish","type":"post","link":"https:\/\/blogdodanielgalvao.com.br\/site\/avanco-da-dengue-mais-dois-obitos-em-nova-friburgo\/","title":{"rendered":"Avan\u00e7o da dengue: mais dois \u00f3bitos em Nova Friburgo"},"content":{"rendered":"<p style=\"text-align: center;\"><strong><em>Segundo novo boletim oficial, munic\u00edpio j\u00e1 contabiliza 2.788 casos positivos da doen\u00e7a<\/em><\/strong><\/p>\n<p>A Secretaria Municipal de Sa\u00fade de Nova Friburgo divulgou o boletim da dengue atualizado com dados referentes ao per\u00edodo de 1\u00ba de janeiro ao \u00faltimo dia 5. Os dados podem sofrer altera\u00e7\u00f5es. H\u00e1 14 \u00f3bitos confirmados em decorr\u00eancia da doen\u00e7a, dois a mais que o registrado no \u00faltimo boletim. Uma morte ainda continua em investiga\u00e7\u00e3o pela Secretaria estadual de Sa\u00fade (SES\/RJ).<\/p>\n<p><strong>Dados do boletim<\/strong><\/p>\n<ul>\n<li>5.277 casos notificados<\/li>\n<li>2.788 casos positivos<\/li>\n<li>2.489 casos negativos<\/li>\n<li>14 \u00f3bitos<\/li>\n<\/ul>\n<p><strong><em>Dados sobre os \u00f3bitos<\/em><\/strong><\/p>\n<ul>\n<li>Sexo masculino: 9;<\/li>\n<li>Sexo feminino: 5;<\/li>\n<li>Faixa et\u00e1ria: 10 a 19 anos: 1; 20 a 29 anos: 1; 30 a 39 anos: 2; 60 a 69 anos: 3; 70 a 79 anos: 3; mais de 80 anos: 4;<\/li>\n<li>Doen\u00e7as pr\u00e9-existentes: 11.<\/li>\n<\/ul>\n<p>A equipe da Subsecretaria de Vigil\u00e2ncia em Sa\u00fade e o Comit\u00ea de Combate ao Aedes aegypti, mosquito transmissor da dengue, continuam monitorando o cen\u00e1rio epidemiol\u00f3gico e promovendo a\u00e7\u00f5es de enfrentamento que incluem a capacita\u00e7\u00e3o de servidores p\u00fablicos e da comunidade, realizando de mutir\u00f5es de limpeza e verificando focos do mosquito nos bairros e distritos. Tamb\u00e9m tem sido promovida rotineiramente a remo\u00e7\u00e3o de ve\u00edculos abandonados nas ruas da cidade e as visitas domiciliares feitas pelas equipes de agentes de combate \u00e0s endemias. \u201c\u00c9 hora de todos agirem. N\u00e3o deixe \u00e1gua parada\u201d, recomenda a Secretaria Municipal de Sa\u00fade.<\/p>\n<p>Devido a diminui\u00e7\u00e3o e estabiliza\u00e7\u00e3o no n\u00famero de novas notifica\u00e7\u00f5es e casos, o Comit\u00ea de Mobiliza\u00e7\u00e3o e Combate \u00e0 Dengue decidiu pela divulga\u00e7\u00e3o dos boletins mensalmente. Em caso de suspeita da doen\u00e7a, os friburguenses devem procurar a unidade de sa\u00fade mais pr\u00f3xima e n\u00e3o se automedicar.<\/p>\n<p><strong>Vacina\u00e7\u00e3o<\/strong><\/p>\n<p>A vacina\u00e7\u00e3o contra a dengue foi iniciada em Nova Friburgo em 24 de junho para crian\u00e7as e adolescentes de 10 a 14 anos. De acordo com a prefeitura, o total de vacinados at\u00e9 o momento \u00e9 de 257 pessoas. A popula\u00e7\u00e3o de 10 a 14 anos aproximada no munic\u00edpio, segundo a prefeitura, \u00e9 de 10.500 pessoas. O munic\u00edpio recebeu da SES-RJ 2.691 doses da vacina Q-denga, do laborat\u00f3rio japon\u00eas Takeda. Ainda est\u00e3o em estoque 1.881 do imunizante.<\/p>\n<p><strong>A doen\u00e7a<\/strong><\/p>\n<p>A dengue \u00e9 uma doen\u00e7a viral transmitida pelo mosquito Aedes aegypti e continua a ser uma preocupa\u00e7\u00e3o significativa para a sa\u00fade p\u00fablica em muitas regi\u00f5es do Brasil. Conhecer os sintomas e as formas de preven\u00e7\u00e3o \u00e9 crucial para combater a propaga\u00e7\u00e3o desta doen\u00e7a.<\/p>\n<p><strong>Sintomas<\/strong><\/p>\n<p>Os sintomas da dengue podem variar de leves a graves e geralmente aparecem de quatro a dez dias ap\u00f3s a picada do mosquito infectado. Entre os sintomas mais comuns est\u00e3o:<\/p>\n<ul>\n<li><em>Febre alta repentina:<\/em>\u00a0geralmente, a febre \u00e9 superior a 38,5\u00b0C e pode durar de dois a sete dias;<\/li>\n<li><em>Dores de cabe\u00e7a intensas:<\/em> a dor \u00e9 frequentemente localizada atr\u00e1s dos olhos;\n<div id=\"move\" class=\"text-center\">\n<section id=\"block-views-banners-block-14\" class=\"block block-views clearfix\">\n<div class=\"view view-banners view-id-banners view-display-id-block_14 view-dom-id-ad6674bf50934b137ee35870b3005f9e\">\n<div class=\"view-empty\">\n<div id=\"M740639ScriptRootC1390013_04382\">\n<div id=\"MarketGidComposite1390013_04382\">\n<div class=\"mgbox\">\n<div class=\"mgline teaser-18523487 type-w\" data-i=\"Qg80RmhYHJvXkE5khhyss01OcRXIUiYOZg3lFPJOtFB7d1axKl2rWkuqmFF2VdOel3NXEGV96kPd8QHGC7k7YWV6w7ioF_7IEdq5EJg-lzo*\" data-observing-start=\"1720644631232\" data-observing-time=\"1422\" data-showed=\"1\">\n<div class=\"image-with-text\">\n<div class=\"text-elements\"><\/div>\n<\/div>\n<\/div>\n<div class=\"mgline teaser-17668504 type-w\" data-i=\"Qg80RmhYHJvXkE5khhyss9jrnLaNNZWtg1Od_WdpL5nMmsyU5OaG6m4Q9r4z6a3WcURfu6bqzLmo5LRd7XORzbPF8cpjHvkJtv2k4nosbOo*\" data-observing-start=\"1720644631232\" data-observing-time=\"1424\" data-showed=\"1\">\n<div class=\"image-with-text\">\n<div class=\"text-elements\"><\/div>\n<\/div>\n<\/div>\n<div class=\"mgline teaser-19157604 type-w\" data-i=\"Qg80RmhYHJvXkE5khhyss4c_CE6GMp1d1901qzRD61K8LTTfFtOuFbKKELh04lk8l3NXEGV96kPd8QHGC7k7Ybhf_UA_QdEuJvkRo9Zla2k*\" data-observing-start=\"1720644632596\" data-observing-time=\"1514\" data-showed=\"1\">\n<div class=\"image-with-text\">\n<div class=\"text-elements\"><\/div>\n<\/div>\n<\/div>\n<div class=\"mgline teaser-19359559 type-w\" data-i=\"Qg80RmhYHJvXkE5khhyss5onnhA9eGNAOi4QFwNc9vPzXVu9YxbyLbNQgl6wgGzHl3NXEGV96kPd8QHGC7k7YVMc_nCrWu-JEESqIhrTneQ*\" data-observing-start=\"1720644632596\" data-observing-time=\"1514\" data-showed=\"1\">\n<div class=\"image-with-text\">\n<div class=\"text-elements\"><\/div>\n<\/div>\n<\/div>\n<\/div>\n<\/div>\n<\/div>\n<\/div>\n<\/div>\n<\/section>\n<\/div>\n<\/li>\n<li><em>Dores musculares e articulares:\u00a0<\/em>muitas vezes bem intensa;<\/li>\n<li><em>Fadiga e cansa\u00e7o extremo:<\/em>\u00a0mesmo ap\u00f3s o desaparecimento da febre, a sensa\u00e7\u00e3o de cansa\u00e7o pode persistir por semanas;<\/li>\n<li><em>N\u00e1useas e v\u00f4mitos:<\/em>\u00a0esses sintomas podem acompanhar a febre e contribuir para a desidrata\u00e7\u00e3o;<\/li>\n<li><em>Erup\u00e7\u00f5es cut\u00e2neas<\/em>: podem surgir manchas vermelhas na pele, geralmente entre o segundo e o quinto dia da doen\u00e7a;<\/li>\n<li><em>Sangramentos leves:\u00a0<\/em>em casos mais graves, podem ocorrer sangramentos nasais, gengivais ou equimoses.<\/li>\n<\/ul>\n<p>Em casos mais severos, a dengue pode evoluir para a forma hemorr\u00e1gica, caracterizada por sangramentos mais intensos, queda de press\u00e3o e danos a \u00f3rg\u00e3os vitais, exigindo atendimento m\u00e9dico imediato.<\/p>\n<p><strong>Preven\u00e7\u00e3o<\/strong><\/p>\n<p>Prevenir a dengue \u00e9 essencial. As principais medidas de preven\u00e7\u00e3o incluem:<\/p>\n<ul>\n<li><em>Elimina\u00e7\u00e3o de focos de \u00e1gua parada:\u00a0<\/em>o mosquito Aedes aegypti se reproduz em \u00e1gua parada. \u00c9 crucial eliminar ou tratar recipientes que possam acumular \u00e1gua, como pneus, vasos de plantas, garrafas e calhas entupidas.<\/li>\n<li><em>Uso de repelentes:<\/em>\u00a0aplicar repelentes nas \u00e1reas expostas da pele pode ajudar a prevenir picadas de mosquito. \u00c9 importante seguir as instru\u00e7\u00f5es de uso dos produtos.<\/li>\n<li><em>Instala\u00e7\u00e3o de telas em janelas e portas:\u00a0<\/em>utilizar telas de prote\u00e7\u00e3o ajuda a impedir a entrada de mosquitos em ambientes internos.<\/li>\n<li><em>Roupas protetoras:<\/em>\u00a0vestir roupas de manga longa e cal\u00e7as, especialmente durante o amanhecer e o entardecer, quando os mosquitos s\u00e3o mais ativos.<\/li>\n<li><em>Uso de inseticidas:\u00a0<\/em>em \u00e1reas com surtos, o uso de inseticidas para eliminar mosquitos adultos pode ser recomendado.<\/li>\n<\/ul>\n<p>A dengue representa um desafio cont\u00ednuo para a sa\u00fade p\u00fablica, mas com a ado\u00e7\u00e3o de medidas preventivas eficazes, \u00e9 poss\u00edvel reduzir significativamente sua incid\u00eancia. A conscientiza\u00e7\u00e3o sobre os sintomas e a colabora\u00e7\u00e3o da comunidade s\u00e3o essenciais para combater essa doen\u00e7a e proteger a sa\u00fade de todos.<\/p>\n<p><strong>No Brasil, mais de seis milh\u00f5es de casos no primeiro semestre\u00a0<\/strong><\/p>\n<p>O Brasil encerrou o primeiro semestre de 2024 com uma triste estat\u00edstica: o registro de 6.159.160 casos prov\u00e1veis de dengue e 4.250 mortes pela doen\u00e7a transmitida pelo mosquito Aedes aegypti. Segundo o painel de monitoramento de arboviroses do Minist\u00e9rio da Sa\u00fade, h\u00e1 ainda 2.730 \u00f3bitos em investiga\u00e7\u00e3o. O coeficiente de incid\u00eancia da dengue no pa\u00eds \u00e9, agora, de 3.033 casos para cada 100 mil habitantes e a taxa de letalidade \u00e9 de 0,07.<\/p>\n<p>Dados divulgados nesta segunda-feira, 1\u00ba, em Bras\u00edlia,\u00a0 mostram que a maior parte dos casos prov\u00e1veis de dengue em 2024 foi computada entre mulheres (54,8%), contra 45,2% entre homens. Em Nova Friburgo, segundo o \u00faltimo boletim da dengue emitido pela Secretaria Municipal de Sa\u00fade estavam registrados at\u00e9 o in\u00edcio de junho 2.115 casos positivos com 12 mortes.<\/p>\n<p><strong>Faixa et\u00e1ria<\/strong><\/p>\n<p>Ao todo, 49,6% dos casos de dengue este ano no Brasil foram identificados em pessoas brancas, 42,5% entre pardos, 6,2% entre pretos e 0,3% entre ind\u00edgenas. A faixa et\u00e1ria de 20 a 29 anos concentra a maior parte das v\u00edtimas, seguida pela de 30 a 39 anos e pela de 40 a 49 anos.<\/p>\n<p>Entre os estados brasileiros, o Distrito Federal registra o maior coeficiente de incid\u00eancia de dengue (9.626 casos por 100 mil habitantes). Em seguida, est\u00e3o os estados de Minas Gerais (8.035), Paran\u00e1 (5.478), Santa Catarina (4.607) e S\u00e3o Paulo (4.301). Em n\u00fameros absolutos, S\u00e3o Paulo lidera com 1,9 milh\u00e3o de ocorr\u00eancias. Em seguida, aparecem Minas Gerais (1,6 milh\u00e3o), Paran\u00e1 (626,8 mil), Santa Catarina (350,6 mil) e Goi\u00e1s (301,5 mil).\u00a0 (<em>Com informa\u00e7\u00f5es da Ag\u00eancia Brasil<\/em>)<\/p>\n","protected":false},"excerpt":{"rendered":"<p>Segundo novo boletim oficial, munic\u00edpio j\u00e1 contabiliza 2.788 casos positivos da doen\u00e7a A Secretaria Municipal de Sa\u00fade de Nova Friburgo divulgou o boletim da dengue atualizado com dados referentes ao per\u00edodo de 1\u00ba de janeiro ao \u00faltimo dia 5. Os dados podem sofrer altera\u00e7\u00f5es. H\u00e1 14 \u00f3bitos confirmados em decorr\u00eancia da doen\u00e7a, dois a mais [&hellip;]<\/p>\n","protected":false},"author":2,"featured_media":10559,"comment_status":"open","ping_status":"open","sticky":true,"template":"","format":"standard","meta":{"footnotes":""},"categories":[9,14,321],"tags":[],"class_list":["post-10558","post","type-post","status-publish","format-standard","has-post-thumbnail","hentry","category-estado","category-geral","category-nova-friburgo"],"_links":{"self":[{"href":"https:\/\/blogdodanielgalvao.com.br\/site\/wp-json\/wp\/v2\/posts\/10558","targetHints":{"allow":["GET"]}}],"collection":[{"href":"https:\/\/blogdodanielgalvao.com.br\/site\/wp-json\/wp\/v2\/posts"}],"about":[{"href":"https:\/\/blogdodanielgalvao.com.br\/site\/wp-json\/wp\/v2\/types\/post"}],"author":[{"embeddable":true,"href":"https:\/\/blogdodanielgalvao.com.br\/site\/wp-json\/wp\/v2\/users\/2"}],"replies":[{"embeddable":true,"href":"https:\/\/blogdodanielgalvao.com.br\/site\/wp-json\/wp\/v2\/comments?post=10558"}],"version-history":[{"count":1,"href":"https:\/\/blogdodanielgalvao.com.br\/site\/wp-json\/wp\/v2\/posts\/10558\/revisions"}],"predecessor-version":[{"id":10560,"href":"https:\/\/blogdodanielgalvao.com.br\/site\/wp-json\/wp\/v2\/posts\/10558\/revisions\/10560"}],"wp:featuredmedia":[{"embeddable":true,"href":"https:\/\/blogdodanielgalvao.com.br\/site\/wp-json\/wp\/v2\/media\/10559"}],"wp:attachment":[{"href":"https:\/\/blogdodanielgalvao.com.br\/site\/wp-json\/wp\/v2\/media?parent=10558"}],"wp:term":[{"taxonomy":"category","embeddable":true,"href":"https:\/\/blogdodanielgalvao.com.br\/site\/wp-json\/wp\/v2\/categories?post=10558"},{"taxonomy":"post_tag","embeddable":true,"href":"https:\/\/blogdodanielgalvao.com.br\/site\/wp-json\/wp\/v2\/tags?post=10558"}],"curies":[{"name":"wp","href":"https:\/\/api.w.org\/{rel}","templated":true}]}}