{"id":10552,"date":"2024-07-09T17:10:06","date_gmt":"2024-07-09T20:10:06","guid":{"rendered":"https:\/\/blogdodanielgalvao.com.br\/site\/?p=10552"},"modified":"2024-07-09T17:14:53","modified_gmt":"2024-07-09T20:14:53","slug":"nova-friburgo-registra-caso-de-febre-oropouche","status":"publish","type":"post","link":"https:\/\/blogdodanielgalvao.com.br\/site\/nova-friburgo-registra-caso-de-febre-oropouche\/","title":{"rendered":"Nova Friburgo registra caso de febre oropouche"},"content":{"rendered":"<p style=\"text-align: center;\"><em><strong>Doen\u00e7a, que foi identificada em um paciente de 81 anos, tamb\u00e9m \u00e9 transmitida por picada de mosquito<\/strong><\/em><\/p>\n<p>A Secretaria Municipal de Sa\u00fade de Nova Friburgo informou que na semana passada, a Vigil\u00e2ncia Epidemiol\u00f3gica recebeu um comunicado da Ger\u00eancia de Doen\u00e7as Transmitidas por Vetores e Zoonoses da Secretaria estadual de Sa\u00fade (SES\/RJ), confirmando resultado positivo para o v\u00edrus oropouche em Nova Friburgo. \u00c9 o primeiro caso da doen\u00e7a denominada febre oropouche no munic\u00edpio.<\/p>\n<p>Diante do comunicado as equipes de Vigil\u00e2ncia Epidemiol\u00f3gica e Vigil\u00e2ncia Ambiental estiveram na \u00faltima quinta-feira, 4, na casa do paciente para conduzir as investiga\u00e7\u00f5es e determinar se o caso \u00e9 aut\u00f3ctone (transmiss\u00e3o local) ou importado (quando a transmiss\u00e3o ocorre em outro territ\u00f3rio), identificar o paciente e tra\u00e7ar as estrat\u00e9gias para uma a\u00e7\u00e3o.<\/p>\n<p>O paciente \u00e9 um idoso de 81 anos que manifestou sintomas em maio, com quadro de cefaleia, artralgia intensa, tontura, n\u00e1usea e v\u00f4mitos. N\u00e3o foi necess\u00e1ria interna\u00e7\u00e3o. O idoso evoluiu para cura sem sequelas. Eloe n\u00e3o hist\u00f3rico de viagem recente.<\/p>\n<p>Cabe ressaltar que o Laborat\u00f3rio Central de Sa\u00fade P\u00fablica Noel Nutels (Lacen), refer\u00eancia no Estado do Rio de Janeiro, est\u00e1 realizando exames para detec\u00e7\u00e3o de febre oropouche de forma amostral daqueles que negativaram para dengue, chikungunya e zika. Portanto, n\u00e3o h\u00e1 ainda, no estado, coleta espec\u00edfica para a febre oropouche.<\/p>\n<p><strong>A doen\u00e7a<\/strong><\/p>\n<p>A febre oropouche (FO) \u00e9 uma doen\u00e7a causada por um arbov\u00edrus (v\u00edrus transmitido por artr\u00f3podes) do g\u00eanero Orthobunyavirus, da fam\u00edlia Peribunyaviridae. O Orthobunyavirus oropoucheense (OROV) foi isolado pela primeira vez no Brasil em 1960, a partir de amostra de sangue de uma bicho-pregui\u00e7a (Bradypus tridactylus) capturada durante a constru\u00e7\u00e3o da rodovia Bel\u00e9m-Bras\u00edlia. Desde ent\u00e3o, casos isolados e surtos foram relatados no Brasil, principalmente nos estados da regi\u00e3o amaz\u00f4nica. Tamb\u00e9m j\u00e1 foram relatados casos e surtos em outros pa\u00edses das am\u00e9ricas Central e do Sul (Panam\u00e1, Argentina, Bol\u00edvia, Equador, Peru e Venezuela).<\/p>\n<p><strong>Transmiss\u00e3o\u00a0<\/strong><\/p>\n<p>A transmiss\u00e3o da febre oropouche \u00e9 feita principalmente por mosquitos. Depois de picar uma pessoa ou animal infectado, o v\u00edrus permanece no sangue do mosquito por alguns dias. Quando esse mosquito pica outra pessoa saud\u00e1vel, pode transmitir o v\u00edrus para ela.<\/p>\n<p>Existem dois tipos de ciclos de transmiss\u00e3o da doen\u00e7a:<\/p>\n<p><em>Ciclo silvestre:<\/em>\u00a0Nesse ciclo, os animais como bichos-pregui\u00e7a e macacos s\u00e3o os hospedeiros do v\u00edrus. Alguns tipos de mosquitos, como o Coquilletti diavenezuelensis e o Aedes serratus, tamb\u00e9m podem carregar o v\u00edrus. O mosquito Culicoides paraenses, conhecido como maruim ou mosquito-p\u00f3lvora, \u00e9 considerado o principal transmissor nesse ciclo.<\/p>\n<p><em>Ciclo Urbano:<\/em>\u00a0Nesse ciclo, os humanos s\u00e3o os principais hospedeiros do v\u00edrus. O mosquito Culicoides paraenses tamb\u00e9m \u00e9 o vetor principal. O mosquito Culex quinquefasciatus, comumente encontrado em ambientes urbanos, pode ocasionalmente transmitir o v\u00edrus tamb\u00e9m.<\/p>\n<p><strong>Sintomas<\/strong><\/p>\n<p>Os sintomas da febre oropouche s\u00e3o parecidos com os da dengue e da chikungunya: dor de cabe\u00e7a, dor muscular, dor nas articula\u00e7\u00f5es, n\u00e1usea e diarreia. Neste sentido, \u00e9 importante que profissionais da \u00e1rea de vigil\u00e2ncia em sa\u00fade sejam capazes de diferenciar essas doen\u00e7as por meio de aspectos cl\u00ednicos, epidemiol\u00f3gicos e laboratoriais e orientar as a\u00e7\u00f5es de preven\u00e7\u00e3o e controle.<\/p>\n<p><strong>Diagn\u00f3stico<\/strong><\/p>\n<p>O diagn\u00f3stico da febre oropouche \u00e9 cl\u00ednico, epidemiol\u00f3gico e laboratorial. Todo caso com diagn\u00f3stico de infec\u00e7\u00e3o deve ser notificado. A FO comp\u00f5e a lista de doen\u00e7as de notifica\u00e7\u00e3o compuls\u00f3ria, classificada entre as doen\u00e7as de notifica\u00e7\u00e3o imediata, em fun\u00e7\u00e3o do potencial epid\u00eamico e da alta capacidade de muta\u00e7\u00e3o, podendo se tornar uma amea\u00e7a \u00e0 sa\u00fade p\u00fablica.<\/p>\n<p><strong>Tratamento\u00a0<\/strong><\/p>\n<p>N\u00e3o existe tratamento espec\u00edfico. Os pacientes devem permanecer em repouso, com tratamento sintom\u00e1tico e acompanhamento m\u00e9dico.<\/p>\n<p><strong>Preven\u00e7\u00e3o<\/strong><\/p>\n<p>Recomenda-se evitar \u00e1reas onde h\u00e1 muitos mosquitos, se poss\u00edvel; usar roupas que cubram a maior parte do corpo e aplique repelente nas \u00e1reas expostas da pele; manter a casa limpa, removendo poss\u00edveis criadouros de mosquitos, como \u00e1gua parada e folhas acumuladas.<\/p>\n<p>Se houver casos confirmados na sua regi\u00e3o, siga as orienta\u00e7\u00f5es das autoridades de sa\u00fade local para reduzir o risco de transmiss\u00e3o, como medidas espec\u00edficas de controle de mosquitos.<\/p>\n<p>Em caso de sintomas suspeitos, procure ajuda m\u00e9dica imediatamente e informe sobre sua exposi\u00e7\u00e3o potencial \u00e0 doen\u00e7a.<\/p>\n","protected":false},"excerpt":{"rendered":"<p>Doen\u00e7a, que foi identificada em um paciente de 81 anos, tamb\u00e9m \u00e9 transmitida por picada de mosquito A Secretaria Municipal de Sa\u00fade de Nova Friburgo informou que na semana passada, a Vigil\u00e2ncia Epidemiol\u00f3gica recebeu um comunicado da Ger\u00eancia de Doen\u00e7as Transmitidas por Vetores e Zoonoses da Secretaria estadual de Sa\u00fade (SES\/RJ), confirmando resultado positivo para [&hellip;]<\/p>\n","protected":false},"author":2,"featured_media":10553,"comment_status":"open","ping_status":"open","sticky":true,"template":"","format":"standard","meta":{"footnotes":""},"categories":[9,14,321],"tags":[],"class_list":["post-10552","post","type-post","status-publish","format-standard","has-post-thumbnail","hentry","category-estado","category-geral","category-nova-friburgo"],"_links":{"self":[{"href":"https:\/\/blogdodanielgalvao.com.br\/site\/wp-json\/wp\/v2\/posts\/10552","targetHints":{"allow":["GET"]}}],"collection":[{"href":"https:\/\/blogdodanielgalvao.com.br\/site\/wp-json\/wp\/v2\/posts"}],"about":[{"href":"https:\/\/blogdodanielgalvao.com.br\/site\/wp-json\/wp\/v2\/types\/post"}],"author":[{"embeddable":true,"href":"https:\/\/blogdodanielgalvao.com.br\/site\/wp-json\/wp\/v2\/users\/2"}],"replies":[{"embeddable":true,"href":"https:\/\/blogdodanielgalvao.com.br\/site\/wp-json\/wp\/v2\/comments?post=10552"}],"version-history":[{"count":1,"href":"https:\/\/blogdodanielgalvao.com.br\/site\/wp-json\/wp\/v2\/posts\/10552\/revisions"}],"predecessor-version":[{"id":10554,"href":"https:\/\/blogdodanielgalvao.com.br\/site\/wp-json\/wp\/v2\/posts\/10552\/revisions\/10554"}],"wp:featuredmedia":[{"embeddable":true,"href":"https:\/\/blogdodanielgalvao.com.br\/site\/wp-json\/wp\/v2\/media\/10553"}],"wp:attachment":[{"href":"https:\/\/blogdodanielgalvao.com.br\/site\/wp-json\/wp\/v2\/media?parent=10552"}],"wp:term":[{"taxonomy":"category","embeddable":true,"href":"https:\/\/blogdodanielgalvao.com.br\/site\/wp-json\/wp\/v2\/categories?post=10552"},{"taxonomy":"post_tag","embeddable":true,"href":"https:\/\/blogdodanielgalvao.com.br\/site\/wp-json\/wp\/v2\/tags?post=10552"}],"curies":[{"name":"wp","href":"https:\/\/api.w.org\/{rel}","templated":true}]}}