{"id":10542,"date":"2024-07-07T09:31:17","date_gmt":"2024-07-07T12:31:17","guid":{"rendered":"https:\/\/blogdodanielgalvao.com.br\/site\/?p=10542"},"modified":"2024-07-05T17:34:07","modified_gmt":"2024-07-05T20:34:07","slug":"cidade-elege-conselheiros-de-politica-urbana","status":"publish","type":"post","link":"https:\/\/blogdodanielgalvao.com.br\/site\/cidade-elege-conselheiros-de-politica-urbana\/","title":{"rendered":"Cidade elege conselheiros de Pol\u00edtica Urbana"},"content":{"rendered":"<p>J\u00e1 foram escolhidos os titulares e suplentes do Conselho Municipal de Pol\u00edtica Urbana de Rio das Ostras (Compuro) e tamb\u00e9m os oito delegados da Sociedade Civil organizada que v\u00e3o representar o Munic\u00edpio na 6\u00aa Confer\u00eancia Nacional das Cidades. A elei\u00e7\u00e3o aconteceu durante a 2\u00aa Confer\u00eancia Municipal das Cidades, realizada no dia 29 de junho, na Escola Municipal Francisco de Assis Medeiros Rangel.<\/p>\n<p>\u00c0 frente da organiza\u00e7\u00e3o da 2\u00aa Confer\u00eancia Municipal das Cidades, Andr\u00e9a Costa, coordenadora do Programa de Regulariza\u00e7\u00e3o Fundi\u00e1ria em Rio das Ostras, lembrou do desafio que foi preparar o evento em menos de 20 dias. Ela recordou que dividiu a miss\u00e3o com a Comiss\u00e3o Organizadora, que reuniu representantes do Poder P\u00fablico e da Sociedade Civil.<\/p>\n<p>\u201cFoi tudo muito intenso e cheio de imprevistos, mas tamb\u00e9m um aprendizado gigantesco, que experimentei como designada para estar \u00e0 frente da 2\u00aa Confer\u00eancia Municipal das Cidades. Em duas semanas, com a ajuda de v\u00e1rios setores, realizamos esse grande feito, extraindo, al\u00e9m da expertise, o resultado incr\u00edvel de eleger os delegados que representar\u00e3o Rio das Ostras na etapa estadual e o Conselho Municipal de Pol\u00edtica Urbana de Rio das Ostras (Compuro) para o tri\u00eanio 2024\/2026\u201d, afirmou.<\/p>\n<p><strong>PALESTRAS<\/strong>\u00a0\u2013 Durante a Confer\u00eancia, foram ministradas palestras sobre tr\u00eas diferentes eixos tem\u00e1ticos. A reflex\u00e3o sobre o\u00a0 Eixo 1, que trata da \u201cArticula\u00e7\u00e3o entre os Principais Setores Urbanos e o Planejamento das Pol\u00edticas P\u00fablicas: A Pol\u00edtica de Mobilidade Urbana da PNDU\u201d, foi conduzida por\u00a0Isabel Cristina Castro da Rocha, vice-Presidente do Conselho de Arquitetura e Urbanismo do Rio de Janeiro (CAU\/RJ);\u00a0Andr\u00e9a Costa, coordenadora de Regulariza\u00e7\u00e3o Fundi\u00e1ria de Rio das Ostras e Marineiva Damiani, coordenadora do Fundo Municipal de Habita\u00e7\u00e3o de Interesse Social. Em seguida,\u00a0Rivail Augusto Gibaja Gripp, do Conselho Municipal de Mobilidade Urbana, falou deste mesmo eixo a partir da perspectiva\u00a0da Mobilidade Urbana na\u00a0Pol\u00edtica Nacional de Desenvolvimento Urbano (PNDU).<\/p>\n<p>O Eixo 2, sobre \u201cGest\u00e3o Estrat\u00e9gica e Financiamento: Controle Social e Gest\u00e3o Democr\u00e1tica das Cidades\u201d, contou com apresenta\u00e7\u00f5es dos arquitetos e urbanistas Felipe de Oliveira Ara\u00fajo, secret\u00e1rio de Urbanismo Saquarema; Carolina Caldas, da Secretaria de Manuten\u00e7\u00e3o de Infraestrutura Urbana e Obras P\u00fablicas de Rio das Ostras e Priscila Nascimento, da Associa\u00e7\u00e3o de Arquitetos e Engenheiros de Rio das Ostras (Aero) \/ ProjeTo ViverCidades.<\/p>\n<p>A \u00faltima palestra, ministrada por Manoel Vieira Gomes J\u00fanior, presidente do Instituto Pereira Passos (Casa Civil \u2013 RJ), foi sobre o Eixo 3: \u201cGrandes Temas Transversais: Transforma\u00e7\u00e3o Digital e Territ\u00f3rio e Seguran\u00e7a P\u00fablica e o Enfrentamento do Controle Armado dos Territ\u00f3rios Populares\u201d.<\/p>\n<p><strong>GRUPOS DE DISCUSS\u00c3O E PROPOSTAS<\/strong>\u00a0\u2013 No\u00a0hor\u00e1rio da tarde, os participantes foram divididos por grupos de trabalho e apresentaram uma s\u00e9rie de propostas. Para o \u00e2mbito municipal,\u00a0sugeriram, entre outros t\u00f3picos, a cria\u00e7\u00e3o\u00a0da\u00a0Secretaria Municipal de Habita\u00e7\u00e3o, Regulariza\u00e7\u00e3o Fundi\u00e1ria e Urbanismo e tamb\u00e9m do\u00a0Setor de\u00a0Processamento e\u00a0Georreferenciamento de\u00a0Dados;\u00a0elabora\u00e7\u00e3o do\u00a0Programa\u00a0Municipal de\u00a0Acessibilidade em\u00a0Cal\u00e7adas;\u00a0amplia\u00e7\u00e3o da\u00a0Malha\u00a0Ciclovi\u00e1ria\u00a0Municipal;\u00a0ilumina\u00e7\u00e3o p\u00fablica mais eficiente, com melhor qualidade nos materiais utilizados e fiscaliza\u00e7\u00e3o mais presente.<\/p>\n<p>Entre as propostas que ser\u00e3o levadas para a Confer\u00eancia Estadual est\u00e3o\u00a0impulsionar\u00a0a regulariza\u00e7\u00e3o dos projetos e entrega das escrituras de propriedade;\u00a0promover\u00a0a\u00a0integra\u00e7\u00e3o tarif\u00e1ria para usu\u00e1rios de transporte p\u00fablico entre cidades vizinhas, considerando o movimento pendular;\u00a0capacita\u00e7\u00e3o dos jovens, com incremento de um Centro de Tecnologia Digital, incluindo Projeto Piloto de Rob\u00f3tica;\u00a0implanta\u00e7\u00e3o de Programa de Educa\u00e7\u00e3o,\u00a0por meio\u00a0de equipe multidisciplinar, contra a viol\u00eancia dom\u00e9stica,\u00a0familiar e do tr\u00e2nsito.<\/p>\n<p>Foram eleitos os seguintes delegados da Sociedade Civil Organizada para a Confer\u00eancia Estadual das Cidades como titulares: \u00c1gata Gabriel Silva; Fernando de Oliveira Ara\u00fajo; Elizabeth Gonzaga de Oliveira; Carlos Roberto da Silva; Aline M\u00edriam Marques; Patr\u00edcia Gastin Valverde Bastos; Priscila Nascimento da Silva Gomes; Miriam Lima da Silva. J\u00e1 os suplentes s\u00e3o Valdirene do Carmo Fernandes dos Santos; V\u00e2nia de Souza Ricardo Costa; Vivian Megda Aziz; Marcos Louren\u00e7o da Silva; Ellen Fernanda Batista de Queiroz; S\u00e9rgio Guilherme Rodrigues; Marilene Pinheiro dos Santos e D\u00e9bora dos Santos Rabelo.<\/p>\n<p><strong>COMPOSI\u00c7\u00c3O DO COMPURO \u2013<\/strong>\u00a0Representando o Poder P\u00fablico, foram escolhidos os seguintes titulares do Conselho Municipal de Pol\u00edtica Urbana de Rio das Ostras (Compuro): Carolina Andrade Magalh\u00e3es Caldas; Andr\u00e9a Maria da Rocha Costa; Rivail Augusto Gibaja Gripp; Tatiana Gomes Ferreira; Janilson Oliveira de Carvalho; Monique Gomes Abrantes; Jos\u00e9 Camacho de Moraes; Fabiola Bernadete Ferreira Siqueira Rocha e Rafael Pereira dos Santos.<\/p>\n<p>Representando a Sociedade Civil Organizada, foram eleitos como titulares: Priscila Nascimento da Silva Gomes; Aline M\u00edriam Marques; Tayane de Mello Yanez Nogueira; Carlos Roberto da Silva; Elizabeth Gonzaga de Oliveira; Patr\u00edcia Gastin Valverde Bastos; Fernando de Oliveira Ara\u00fajo; \u00c1gata Gabriel Silva e Miriam Lima da Silva.<\/p>\n<p>Os suplentes do Poder P\u00fablico s\u00e3o: Reinaldo Ferreira; Wilmar Wan-de-Rey Junior; Leandro Alves Pinto; Isabela Caldeira Ribeiro Vaz; Luciana Benevonuto Chagas; Luciana Neri Franco; Wesley Carvalho Machado; Rodrigo de Souza Lopes e Uderlan de Andrade Hespanhol. Na supl\u00eancia da Sociedade Civil Organizada est\u00e3o: Marilene Pinheiro dos Santos; Ellen Fernanda Batista de Queiroz; Renata Manh\u00e3es Galia\u00e7o; Marcos Louren\u00e7o da Silva; Vivian Megda Aziz; S\u00e9rgio Guilherme Rodrigues; V\u00e2nia de Souza Ricardo Costa; Valdirene do Carmo Fernandes dos Santos e D\u00e9bora dos Santos Rabelo.<\/p>\n<p>&nbsp;<\/p>\n","protected":false},"excerpt":{"rendered":"<p>J\u00e1 foram escolhidos os titulares e suplentes do Conselho Municipal de Pol\u00edtica Urbana de Rio das Ostras (Compuro) e tamb\u00e9m os oito delegados da Sociedade Civil organizada que v\u00e3o representar o Munic\u00edpio na 6\u00aa Confer\u00eancia Nacional das Cidades. A elei\u00e7\u00e3o aconteceu durante a 2\u00aa Confer\u00eancia Municipal das Cidades, realizada no dia 29 de junho, na [&hellip;]<\/p>\n","protected":false},"author":2,"featured_media":10543,"comment_status":"open","ping_status":"open","sticky":true,"template":"","format":"standard","meta":{"footnotes":""},"categories":[9,14,4],"tags":[],"class_list":["post-10542","post","type-post","status-publish","format-standard","has-post-thumbnail","hentry","category-estado","category-geral","category-rio-das-ostras"],"_links":{"self":[{"href":"https:\/\/blogdodanielgalvao.com.br\/site\/wp-json\/wp\/v2\/posts\/10542","targetHints":{"allow":["GET"]}}],"collection":[{"href":"https:\/\/blogdodanielgalvao.com.br\/site\/wp-json\/wp\/v2\/posts"}],"about":[{"href":"https:\/\/blogdodanielgalvao.com.br\/site\/wp-json\/wp\/v2\/types\/post"}],"author":[{"embeddable":true,"href":"https:\/\/blogdodanielgalvao.com.br\/site\/wp-json\/wp\/v2\/users\/2"}],"replies":[{"embeddable":true,"href":"https:\/\/blogdodanielgalvao.com.br\/site\/wp-json\/wp\/v2\/comments?post=10542"}],"version-history":[{"count":1,"href":"https:\/\/blogdodanielgalvao.com.br\/site\/wp-json\/wp\/v2\/posts\/10542\/revisions"}],"predecessor-version":[{"id":10544,"href":"https:\/\/blogdodanielgalvao.com.br\/site\/wp-json\/wp\/v2\/posts\/10542\/revisions\/10544"}],"wp:featuredmedia":[{"embeddable":true,"href":"https:\/\/blogdodanielgalvao.com.br\/site\/wp-json\/wp\/v2\/media\/10543"}],"wp:attachment":[{"href":"https:\/\/blogdodanielgalvao.com.br\/site\/wp-json\/wp\/v2\/media?parent=10542"}],"wp:term":[{"taxonomy":"category","embeddable":true,"href":"https:\/\/blogdodanielgalvao.com.br\/site\/wp-json\/wp\/v2\/categories?post=10542"},{"taxonomy":"post_tag","embeddable":true,"href":"https:\/\/blogdodanielgalvao.com.br\/site\/wp-json\/wp\/v2\/tags?post=10542"}],"curies":[{"name":"wp","href":"https:\/\/api.w.org\/{rel}","templated":true}]}}