{"id":10538,"date":"2024-07-06T09:25:21","date_gmt":"2024-07-06T12:25:21","guid":{"rendered":"https:\/\/blogdodanielgalvao.com.br\/site\/?p=10538"},"modified":"2024-07-05T17:33:55","modified_gmt":"2024-07-05T20:33:55","slug":"conferencia-municipal-termina-com-eleicao-de-delegados-para-a-conferencia-estadual-e-do-conselho-da-cidade-de-macae","status":"publish","type":"post","link":"https:\/\/blogdodanielgalvao.com.br\/site\/conferencia-municipal-termina-com-eleicao-de-delegados-para-a-conferencia-estadual-e-do-conselho-da-cidade-de-macae\/","title":{"rendered":"Confer\u00eancia Municipal termina com elei\u00e7\u00e3o de delegados para a confer\u00eancia estadual e do Conselho da Cidade de Maca\u00e9"},"content":{"rendered":"<p>A 6\u00aa Confer\u00eancia Municipal da Cidade terminou na tarde desta quinta-feira (4) com a elei\u00e7\u00e3o de delegados que ir\u00e3o representar o munic\u00edpio na confer\u00eancia estadual e no Conselho das Cidades de Maca\u00e9. O evento, que contou com a participa\u00e7\u00e3o de representantes da sociedade civil e do poder p\u00fablico, teve como objetivo discutir e propor pol\u00edticas p\u00fablicas para o desenvolvimento urbano e a gest\u00e3o democr\u00e1tica das cidades.<\/p>\n<p>Durante a confer\u00eancia, foram debatidos diversos temas, como moradia, mobilidade urbana, transporte p\u00fablico, saneamento b\u00e1sico, meio ambiente e acessibilidade. Os participantes tiveram a oportunidade de apresentar propostas e sugest\u00f5es para melhorar a qualidade de vida dos moradores de Maca\u00e9. A confer\u00eancia foi estruturada pela Comiss\u00e3o de Organiza\u00e7\u00e3o da 6\u00aa Confer\u00eancia, formada por integrantes da sociedade civil organizada com o apoio do Escrit\u00f3rio de Gest\u00e3o Indicadores e Metas (EGIM).<\/p>\n<p>Ao final do evento, foram eleitos os delegados que representar\u00e3o o munic\u00edpio na confer\u00eancia estadual, onde ser\u00e3o discutidas quest\u00f5es regionais e estaduais relacionadas ao desenvolvimento urbano. Al\u00e9m disso, tamb\u00e9m foram escolhidos os representantes que far\u00e3o parte do Conselho da Cidade de Maca\u00e9, \u00f3rg\u00e3o respons\u00e1vel por acompanhar e fiscalizar a implementa\u00e7\u00e3o das pol\u00edticas p\u00fablicas voltadas para o planejamento urbano.<\/p>\n<p>&#8211; A Confer\u00eancia Municipal foi um importante espa\u00e7o de di\u00e1logo e constru\u00e7\u00e3o coletiva, que contribuir\u00e1 para a melhoria da qualidade de vida e o desenvolvimento sustent\u00e1vel do munic\u00edpio de Maca\u00e9 \u2013 destacou o gerente do Egim, Romulo Campos.<\/p>\n<p>A presidente da Comiss\u00e3o Organizadora, Darana Azevedo, pontuou que o principal objetivo da confer\u00eancia municipal foi mobilizar a sociedade para participar ativamente, contribuindo com as pol\u00edticas p\u00fablicas e elegendo os representantes do munic\u00edpio na fase estadual do processo.<\/p>\n<p>A confer\u00eancia abordou os temas \u201cConstruindo a Pol\u00edtica Nacional de Desenvolvimento Urbano: Caminhos para Cidades Inclusivas, Democr\u00e1ticas, Sustent\u00e1veis e com Justi\u00e7a Social\u201d, a confer\u00eancia contou nesta quinta-feira com mesa redonda com o tema &#8220;Maca\u00e9 &#8211; Perspectivas da ind\u00fastria de \u00f3leo e g\u00e1s e a constru\u00e7\u00e3o de uma cidade inclusiva, democr\u00e1tica, sustent\u00e1vel e com justi\u00e7a social&#8221;; grupos de debate sobre &#8220;Sistema Nacional de Pol\u00edticas de habita\u00e7\u00e3o e regulariza\u00e7\u00e3o fundi\u00e1ria da PNDU. Objetivo geral, diretrizes gerais da PNDU e Sistema Nacional de Desenvolvimento Urbano (SNDU)&#8221;; &#8220;Pol\u00edtica de Saneamento B\u00e1sico e Mobilidade Urbana da PNDU (Eixo 1)&#8221;; \u201cControle social e gest\u00e3o democr\u00e1tica das cidades. Gest\u00e3o interfederativa, coopera\u00e7\u00e3o e cons\u00f3rcios, Gest\u00e3o das regi\u00f5es metropolitanas e Financiamento da PNDU: Mecanismos Fiscais e Extrafiscais de \u00e2mbito local\u201d e &#8220;Sustentabilidade ambiental e emerg\u00eancias clim\u00e1ticas. Transforma\u00e7\u00e3o digital e territ\u00f3rio e Seguran\u00e7a P\u00fablica e o Enfrentamento do Controle Armado dos Territ\u00f3rios Populares. (Eixo 3)&#8221;.<\/p>\n<hr class=\"my-2\" \/>\n<div class=\"div-fotos-relacionadas\">\n<h2>Fotos Relacionadas<\/h2>\n<div class=\"row py-2 mb-3\">\n<div class=\"col-3\"><a class=\"h-100 foto-relacionada\" role=\"button\" data-index=\"0\"><img decoding=\"async\" id=\"foto61153\" class=\"card-img-cover img-thumb-w30 img-thumbnail h-100\" title=\"\" src=\"https:\/\/macae.rj.gov.br\/midia\/noticias\/56862\/1720238659.jpg\" alt=\"\" \/><\/a><\/div>\n<div class=\"col-3\"><a class=\"h-100 foto-relacionada\" role=\"button\" data-index=\"1\"><img decoding=\"async\" id=\"foto61154\" class=\"card-img-cover img-thumb-w30 img-thumbnail h-100\" title=\"\" src=\"https:\/\/macae.rj.gov.br\/midia\/noticias\/56862\/1720217846.jpg\" alt=\"\" \/><\/a><\/div>\n<div class=\"col-3\"><a class=\"h-100 foto-relacionada\" role=\"button\" data-index=\"2\"><img decoding=\"async\" id=\"foto61155\" class=\"card-img-cover img-thumb-w30 img-thumbnail h-100\" title=\"\" src=\"https:\/\/macae.rj.gov.br\/midia\/noticias\/56862\/1720293978.jpg\" alt=\"\" \/><\/a><\/div>\n<div class=\"col-3\"><a class=\"h-100 foto-relacionada\" role=\"button\" data-index=\"3\"><img decoding=\"async\" id=\"foto61156\" class=\"card-img-cover img-thumb-w30 img-thumbnail h-100\" title=\"\" src=\"https:\/\/macae.rj.gov.br\/midia\/noticias\/56862\/1720248502.jpg\" alt=\"\" \/><\/a><\/div>\n<\/div>\n<\/div>\n","protected":false},"excerpt":{"rendered":"<p>A 6\u00aa Confer\u00eancia Municipal da Cidade terminou na tarde desta quinta-feira (4) com a elei\u00e7\u00e3o de delegados que ir\u00e3o representar o munic\u00edpio na confer\u00eancia estadual e no Conselho das Cidades de Maca\u00e9. O evento, que contou com a participa\u00e7\u00e3o de representantes da sociedade civil e do poder p\u00fablico, teve como objetivo discutir e propor pol\u00edticas [&hellip;]<\/p>\n","protected":false},"author":2,"featured_media":10539,"comment_status":"open","ping_status":"open","sticky":true,"template":"","format":"standard","meta":{"footnotes":""},"categories":[9,14,2],"tags":[],"class_list":["post-10538","post","type-post","status-publish","format-standard","has-post-thumbnail","hentry","category-estado","category-geral","category-macae"],"_links":{"self":[{"href":"https:\/\/blogdodanielgalvao.com.br\/site\/wp-json\/wp\/v2\/posts\/10538","targetHints":{"allow":["GET"]}}],"collection":[{"href":"https:\/\/blogdodanielgalvao.com.br\/site\/wp-json\/wp\/v2\/posts"}],"about":[{"href":"https:\/\/blogdodanielgalvao.com.br\/site\/wp-json\/wp\/v2\/types\/post"}],"author":[{"embeddable":true,"href":"https:\/\/blogdodanielgalvao.com.br\/site\/wp-json\/wp\/v2\/users\/2"}],"replies":[{"embeddable":true,"href":"https:\/\/blogdodanielgalvao.com.br\/site\/wp-json\/wp\/v2\/comments?post=10538"}],"version-history":[{"count":1,"href":"https:\/\/blogdodanielgalvao.com.br\/site\/wp-json\/wp\/v2\/posts\/10538\/revisions"}],"predecessor-version":[{"id":10540,"href":"https:\/\/blogdodanielgalvao.com.br\/site\/wp-json\/wp\/v2\/posts\/10538\/revisions\/10540"}],"wp:featuredmedia":[{"embeddable":true,"href":"https:\/\/blogdodanielgalvao.com.br\/site\/wp-json\/wp\/v2\/media\/10539"}],"wp:attachment":[{"href":"https:\/\/blogdodanielgalvao.com.br\/site\/wp-json\/wp\/v2\/media?parent=10538"}],"wp:term":[{"taxonomy":"category","embeddable":true,"href":"https:\/\/blogdodanielgalvao.com.br\/site\/wp-json\/wp\/v2\/categories?post=10538"},{"taxonomy":"post_tag","embeddable":true,"href":"https:\/\/blogdodanielgalvao.com.br\/site\/wp-json\/wp\/v2\/tags?post=10538"}],"curies":[{"name":"wp","href":"https:\/\/api.w.org\/{rel}","templated":true}]}}