{"id":10535,"date":"2024-07-05T17:05:36","date_gmt":"2024-07-05T20:05:36","guid":{"rendered":"https:\/\/blogdodanielgalvao.com.br\/site\/?p=10535"},"modified":"2024-07-05T17:17:26","modified_gmt":"2024-07-05T20:17:26","slug":"prefeitura-divulga-2a-convocacao-para-estagio-remunerado","status":"publish","type":"post","link":"https:\/\/blogdodanielgalvao.com.br\/site\/prefeitura-divulga-2a-convocacao-para-estagio-remunerado\/","title":{"rendered":"Prefeitura divulga 2\u00aa convoca\u00e7\u00e3o para est\u00e1gio remunerado"},"content":{"rendered":"<p>A Secretaria Municipal Adjunta de Recursos Humanos divulgou a\u00a0<a href=\"https:\/\/www.macae.rj.gov.br\/midia\/conteudo\/arquivos\/1720194969.pdf\">2\u00aa convoca\u00e7\u00e3o do Processo Seletivo Simplificado (PSS)<\/a>,\u00a0<a href=\"https:\/\/www.macae.rj.gov.br\/midia\/conteudo\/arquivos\/1718488828.pdf\">edital n\u00ba 003\/2024<\/a>, do Programa de Est\u00e1gio Remunerado, no\u00a0<a href=\"https:\/\/www.macae.rj.gov.br\/semad\/conteudo\/titulo\/programa-de-estagio-2024\">Portal da prefeitura<\/a>. Os acad\u00eamicos convocados devem comparecer, nesta sexta-feira (5), \u00e0s 13h, \u00e0 sede da Secretaria, que funciona \u00e0 Avenida Presidente Feliciano Sodr\u00e9, 466, 1\u00ba andar, no Centro Administrativo Luiz Os\u00f3rio, no Centro da cidade. Eles devem se apresentar portando os documentos listados no subitem 11.2 do processo de sele\u00e7\u00e3o, para celebra\u00e7\u00e3o do Termo de Compromisso de Est\u00e1gio.<\/p>\n<p>Os convocados s\u00e3o: Anderson de Souza Rodrigues Mota; Gabriela Ramos Pereira Brum; Roanito Barcellos Spindola; Lucas Furtado Maciel; e Larissa Santos da Silva. A convoca\u00e7\u00e3o foi feita atrav\u00e9s da Comiss\u00e3o de Implementa\u00e7\u00e3o e Acompanhamento do PSS, que tem \u00e0 frente o secret\u00e1rio de RH, Arist\u00f3fanis Quirino dos Santos, e segue conforme a ordem da lista dos aprovados divulgada pela prefeitura.<\/p>\n<p>O Programa de Est\u00e1gio Remunerado da Prefeitura oferece aos estudantes de diferentes \u00e1reas de ensino o contato com o ambiente de trabalho, por meio de orienta\u00e7\u00e3o supervisionada. A partir do in\u00edcio das atividades, os acad\u00eamicos atuam nas secretarias e \u00f3rg\u00e3os municipais com carga hor\u00e1ria e remunera\u00e7\u00e3o de acordo com o edital.<\/p>\n<p>Os estagi\u00e1rios s\u00e3o supervisionados no ambiente em que atuam na administra\u00e7\u00e3o municipal. Participam do programa educandos que estejam frequentando o ensino regular em institui\u00e7\u00f5es de educa\u00e7\u00e3o superior ou educa\u00e7\u00e3o profissional, conforme a\u00a0<a href=\"https:\/\/macae.rj.gov.br\/midia\/conteudo\/arquivos\/1369814650.pdf\">Lei Municipal n\u00ba 2.853\/2006<\/a>\u00a0e altera\u00e7\u00f5es c\/<a href=\"https:\/\/www.planalto.gov.br\/ccivil_03\/_ato2007-2010\/2008\/lei\/l11788.htm\">Lei n\u00ba 11.788\/2008<\/a>.<\/p>\n","protected":false},"excerpt":{"rendered":"<p>A Secretaria Municipal Adjunta de Recursos Humanos divulgou a\u00a02\u00aa convoca\u00e7\u00e3o do Processo Seletivo Simplificado (PSS),\u00a0edital n\u00ba 003\/2024, do Programa de Est\u00e1gio Remunerado, no\u00a0Portal da prefeitura. Os acad\u00eamicos convocados devem comparecer, nesta sexta-feira (5), \u00e0s 13h, \u00e0 sede da Secretaria, que funciona \u00e0 Avenida Presidente Feliciano Sodr\u00e9, 466, 1\u00ba andar, no Centro Administrativo Luiz Os\u00f3rio, no [&hellip;]<\/p>\n","protected":false},"author":2,"featured_media":10536,"comment_status":"open","ping_status":"open","sticky":true,"template":"","format":"standard","meta":{"footnotes":""},"categories":[9,14,2],"tags":[],"class_list":["post-10535","post","type-post","status-publish","format-standard","has-post-thumbnail","hentry","category-estado","category-geral","category-macae"],"_links":{"self":[{"href":"https:\/\/blogdodanielgalvao.com.br\/site\/wp-json\/wp\/v2\/posts\/10535","targetHints":{"allow":["GET"]}}],"collection":[{"href":"https:\/\/blogdodanielgalvao.com.br\/site\/wp-json\/wp\/v2\/posts"}],"about":[{"href":"https:\/\/blogdodanielgalvao.com.br\/site\/wp-json\/wp\/v2\/types\/post"}],"author":[{"embeddable":true,"href":"https:\/\/blogdodanielgalvao.com.br\/site\/wp-json\/wp\/v2\/users\/2"}],"replies":[{"embeddable":true,"href":"https:\/\/blogdodanielgalvao.com.br\/site\/wp-json\/wp\/v2\/comments?post=10535"}],"version-history":[{"count":1,"href":"https:\/\/blogdodanielgalvao.com.br\/site\/wp-json\/wp\/v2\/posts\/10535\/revisions"}],"predecessor-version":[{"id":10537,"href":"https:\/\/blogdodanielgalvao.com.br\/site\/wp-json\/wp\/v2\/posts\/10535\/revisions\/10537"}],"wp:featuredmedia":[{"embeddable":true,"href":"https:\/\/blogdodanielgalvao.com.br\/site\/wp-json\/wp\/v2\/media\/10536"}],"wp:attachment":[{"href":"https:\/\/blogdodanielgalvao.com.br\/site\/wp-json\/wp\/v2\/media?parent=10535"}],"wp:term":[{"taxonomy":"category","embeddable":true,"href":"https:\/\/blogdodanielgalvao.com.br\/site\/wp-json\/wp\/v2\/categories?post=10535"},{"taxonomy":"post_tag","embeddable":true,"href":"https:\/\/blogdodanielgalvao.com.br\/site\/wp-json\/wp\/v2\/tags?post=10535"}],"curies":[{"name":"wp","href":"https:\/\/api.w.org\/{rel}","templated":true}]}}