{"id":10450,"date":"2024-06-16T09:31:25","date_gmt":"2024-06-16T12:31:25","guid":{"rendered":"https:\/\/blogdodanielgalvao.com.br\/site\/?p=10450"},"modified":"2024-06-14T17:49:43","modified_gmt":"2024-06-14T20:49:43","slug":"fim-de-semana-sera-sem-chuva-em-marica","status":"publish","type":"post","link":"https:\/\/blogdodanielgalvao.com.br\/site\/fim-de-semana-sera-sem-chuva-em-marica\/","title":{"rendered":"Fim de semana ser\u00e1 sem chuva em Maric\u00e1"},"content":{"rendered":"<p>A Prefeitura de Maric\u00e1, por meio da Secretaria de Prote\u00e7\u00e3o e Defesa Civil, informa que n\u00e3o h\u00e1 previs\u00e3o de chuva para o fim de semana (15 e 16\/06), em decorr\u00eancia do posicionamento do sistema de alta press\u00e3o atmosf\u00e9rica, que segue influenciando as condi\u00e7\u00f5es do tempo no munic\u00edpio.<\/p>\n<p>Nesta sexta-feira (14\/06), o c\u00e9u continua claro, sem previs\u00e3o de chuva. Os ventos t\u00eam intensidade fraca a moderada. As temperaturas ficam entre 18\u00b0C e 31\u00b0C.<\/p>\n<p>No s\u00e1bado (15\/06), o c\u00e9u estar\u00e1 claro a poucas nuvens, sem previs\u00e3o de chuva. Os ventos ter\u00e3o intensidade fraca a moderada. A temperatura m\u00ednima prevista \u00e9 de 18\u00b0C e a m\u00e1xima de 32\u00b0C.<\/p>\n<p>J\u00e1 no domingo (16\/06), o c\u00e9u permanecer\u00e1 claro a poucas nuvens, sem previs\u00e3o de chuva. Os ventos ter\u00e3o intensidade fraca a moderada. A temperatura m\u00ednima prevista \u00e9 de 19\u00b0C e a m\u00e1xima de 32\u00b0C.<\/p>\n<p>As equipes da Defesa Civil permanecem de prontid\u00e3o 24 horas no centro operacional e podem ser acionadas pelos telefones 199 ou pelo whatsApp (21) 98294-3235.<\/p>\n","protected":false},"excerpt":{"rendered":"<p>A Prefeitura de Maric\u00e1, por meio da Secretaria de Prote\u00e7\u00e3o e Defesa Civil, informa que n\u00e3o h\u00e1 previs\u00e3o de chuva para o fim de semana (15 e 16\/06), em decorr\u00eancia do posicionamento do sistema de alta press\u00e3o atmosf\u00e9rica, que segue influenciando as condi\u00e7\u00f5es do tempo no munic\u00edpio. Nesta sexta-feira (14\/06), o c\u00e9u continua claro, sem [&hellip;]<\/p>\n","protected":false},"author":2,"featured_media":10451,"comment_status":"open","ping_status":"open","sticky":true,"template":"","format":"standard","meta":{"footnotes":""},"categories":[9,14,299],"tags":[],"class_list":["post-10450","post","type-post","status-publish","format-standard","has-post-thumbnail","hentry","category-estado","category-geral","category-marica"],"_links":{"self":[{"href":"https:\/\/blogdodanielgalvao.com.br\/site\/wp-json\/wp\/v2\/posts\/10450","targetHints":{"allow":["GET"]}}],"collection":[{"href":"https:\/\/blogdodanielgalvao.com.br\/site\/wp-json\/wp\/v2\/posts"}],"about":[{"href":"https:\/\/blogdodanielgalvao.com.br\/site\/wp-json\/wp\/v2\/types\/post"}],"author":[{"embeddable":true,"href":"https:\/\/blogdodanielgalvao.com.br\/site\/wp-json\/wp\/v2\/users\/2"}],"replies":[{"embeddable":true,"href":"https:\/\/blogdodanielgalvao.com.br\/site\/wp-json\/wp\/v2\/comments?post=10450"}],"version-history":[{"count":1,"href":"https:\/\/blogdodanielgalvao.com.br\/site\/wp-json\/wp\/v2\/posts\/10450\/revisions"}],"predecessor-version":[{"id":10452,"href":"https:\/\/blogdodanielgalvao.com.br\/site\/wp-json\/wp\/v2\/posts\/10450\/revisions\/10452"}],"wp:featuredmedia":[{"embeddable":true,"href":"https:\/\/blogdodanielgalvao.com.br\/site\/wp-json\/wp\/v2\/media\/10451"}],"wp:attachment":[{"href":"https:\/\/blogdodanielgalvao.com.br\/site\/wp-json\/wp\/v2\/media?parent=10450"}],"wp:term":[{"taxonomy":"category","embeddable":true,"href":"https:\/\/blogdodanielgalvao.com.br\/site\/wp-json\/wp\/v2\/categories?post=10450"},{"taxonomy":"post_tag","embeddable":true,"href":"https:\/\/blogdodanielgalvao.com.br\/site\/wp-json\/wp\/v2\/tags?post=10450"}],"curies":[{"name":"wp","href":"https:\/\/api.w.org\/{rel}","templated":true}]}}