{"id":10407,"date":"2024-06-08T09:15:53","date_gmt":"2024-06-08T12:15:53","guid":{"rendered":"https:\/\/blogdodanielgalvao.com.br\/site\/?p=10407"},"modified":"2024-06-07T16:52:24","modified_gmt":"2024-06-07T19:52:24","slug":"fim-de-semana-sera-de-tempo-estavel-em-marica-sistema-de-alta-pressao-segue-influenciando-o-tempo-no-municipio","status":"publish","type":"post","link":"https:\/\/blogdodanielgalvao.com.br\/site\/fim-de-semana-sera-de-tempo-estavel-em-marica-sistema-de-alta-pressao-segue-influenciando-o-tempo-no-municipio\/","title":{"rendered":"Fim de semana ser\u00e1 de tempo est\u00e1vel em Maric\u00e1 Sistema de alta press\u00e3o segue influenciando o tempo no municipio"},"content":{"rendered":"<p>A Prefeitura de Maric\u00e1, por meio da Secretaria de Prote\u00e7\u00e3o e Defesa Civil, informa que n\u00e3o h\u00e1 previs\u00e3o de chuva para o fim de semana (08 e 09\/06), em decorr\u00eancia do sistema de alta press\u00e3o que segue influenciando as condi\u00e7\u00f5es do tempo no munic\u00edpio.<\/p>\n<p>Nesta sexta-feira (07\/06), o c\u00e9u continua claro a poucas nuvens, sem previs\u00e3o de chuva na cidade. Os ventos t\u00eam intensidade fraca a moderada. As temperaturas ficam entre 18\u00b0C e 29\u00b0C.<\/p>\n<p>No s\u00e1bado (08\/06), o c\u00e9u estar\u00e1 parcialmente nublado a poucas nuvens, sem previs\u00e3o de chuva no munic\u00edpio. Os ventos ter\u00e3o intensidade fraca a moderada. A temperatura m\u00ednima prevista \u00e9 de 18\u00b0C e a m\u00e1xima de 30\u00b0C.<\/p>\n<p>J\u00e1 no domingo (09\/06), o c\u00e9u estar\u00e1 claro a poucas nuvens, sem previs\u00e3o de chuva. Os ventos ter\u00e3o intensidade fraca a moderada. A temperatura m\u00ednima prevista \u00e9 de 19\u00b0C e a m\u00e1xima de 32\u00b0C.<\/p>\n<p>As equipes da Defesa Civil permanecem de prontid\u00e3o 24 horas no centro operacional e podem ser acionadas pelos telefones 199 ou pelo whatsApp (21) 98294-3235.<\/p>\n","protected":false},"excerpt":{"rendered":"<p>A Prefeitura de Maric\u00e1, por meio da Secretaria de Prote\u00e7\u00e3o e Defesa Civil, informa que n\u00e3o h\u00e1 previs\u00e3o de chuva para o fim de semana (08 e 09\/06), em decorr\u00eancia do sistema de alta press\u00e3o que segue influenciando as condi\u00e7\u00f5es do tempo no munic\u00edpio. Nesta sexta-feira (07\/06), o c\u00e9u continua claro a poucas nuvens, sem [&hellip;]<\/p>\n","protected":false},"author":2,"featured_media":10408,"comment_status":"open","ping_status":"open","sticky":false,"template":"","format":"standard","meta":{"footnotes":""},"categories":[9,14,299],"tags":[],"class_list":["post-10407","post","type-post","status-publish","format-standard","has-post-thumbnail","hentry","category-estado","category-geral","category-marica"],"_links":{"self":[{"href":"https:\/\/blogdodanielgalvao.com.br\/site\/wp-json\/wp\/v2\/posts\/10407","targetHints":{"allow":["GET"]}}],"collection":[{"href":"https:\/\/blogdodanielgalvao.com.br\/site\/wp-json\/wp\/v2\/posts"}],"about":[{"href":"https:\/\/blogdodanielgalvao.com.br\/site\/wp-json\/wp\/v2\/types\/post"}],"author":[{"embeddable":true,"href":"https:\/\/blogdodanielgalvao.com.br\/site\/wp-json\/wp\/v2\/users\/2"}],"replies":[{"embeddable":true,"href":"https:\/\/blogdodanielgalvao.com.br\/site\/wp-json\/wp\/v2\/comments?post=10407"}],"version-history":[{"count":1,"href":"https:\/\/blogdodanielgalvao.com.br\/site\/wp-json\/wp\/v2\/posts\/10407\/revisions"}],"predecessor-version":[{"id":10409,"href":"https:\/\/blogdodanielgalvao.com.br\/site\/wp-json\/wp\/v2\/posts\/10407\/revisions\/10409"}],"wp:featuredmedia":[{"embeddable":true,"href":"https:\/\/blogdodanielgalvao.com.br\/site\/wp-json\/wp\/v2\/media\/10408"}],"wp:attachment":[{"href":"https:\/\/blogdodanielgalvao.com.br\/site\/wp-json\/wp\/v2\/media?parent=10407"}],"wp:term":[{"taxonomy":"category","embeddable":true,"href":"https:\/\/blogdodanielgalvao.com.br\/site\/wp-json\/wp\/v2\/categories?post=10407"},{"taxonomy":"post_tag","embeddable":true,"href":"https:\/\/blogdodanielgalvao.com.br\/site\/wp-json\/wp\/v2\/tags?post=10407"}],"curies":[{"name":"wp","href":"https:\/\/api.w.org\/{rel}","templated":true}]}}