{"id":10335,"date":"2024-05-21T17:07:03","date_gmt":"2024-05-21T20:07:03","guid":{"rendered":"https:\/\/blogdodanielgalvao.com.br\/site\/?p=10335"},"modified":"2024-05-21T17:09:32","modified_gmt":"2024-05-21T20:09:32","slug":"rio-das-ostras-incentiva-populacao-a-se-vacinar-contra-a-gripe","status":"publish","type":"post","link":"https:\/\/blogdodanielgalvao.com.br\/site\/rio-das-ostras-incentiva-populacao-a-se-vacinar-contra-a-gripe\/","title":{"rendered":"Rio das Ostras incentiva popula\u00e7\u00e3o a se vacinar contra a gripe"},"content":{"rendered":"<p style=\"text-align: center;\"><strong>Com a aproxima\u00e7\u00e3o de temperaturas mais baixas, a vacina\u00e7\u00e3o \u00e9 ainda mais importante para impedir os agravamentos causados pela doen\u00e7a<\/strong><\/p>\n<p>Rio das Ostras segue disponibilizando para toda a popula\u00e7\u00e3o acima de seis meses de idade a vacina contra a Influenza (gripe). Todas as unidades de sa\u00fade realizam a vacina\u00e7\u00e3o, de segunda a sexta-feira, exceto feriados, das 8h30 \u00e0s 16h30.<\/p>\n<p>A Campanha contra a Influenza se encerra no dia 31 de maio, mas a vacina continuar\u00e1 sendo ofertada enquanto houver doses dispon\u00edveis. At\u00e9 o momento, o Munic\u00edpio j\u00e1 aplicou 10.500 doses do imunizante.<\/p>\n<p>A popula\u00e7\u00e3o pode procurar o posto mais pr\u00f3ximo de sua resid\u00eancia para receber a vacina da gripe, basta apresentar documento de identifica\u00e7\u00e3o, CPF e cart\u00e3o do Sistema \u00danico de Sa\u00fade \u2013 SUS.<\/p>\n<p>Com a aproxima\u00e7\u00e3o do inverno, com temperaturas mais baixas e atividades em grupos em locais fechados, as doen\u00e7as respirat\u00f3rias se tornam mais frequentes. Por essa raz\u00e3o, \u00e9 importante estar protegido.<\/p>\n<p>A vacina ativa o sistema imunol\u00f3gico, o que ajuda nesse per\u00edodo em que resfriados, gripes e doen\u00e7as al\u00e9rgicas est\u00e3o mais frequentes, principalmente em crian\u00e7as, idosos e pessoas imunossuprimidas.<\/p>\n<p>A imuniza\u00e7\u00e3o tamb\u00e9m tem um papel relevante na sa\u00fade de gestantes, pu\u00e9rperas e seus beb\u00eas. Por meio da placenta e do aleitamento materno a prote\u00e7\u00e3o \u00e9 estendida.\u00a0 Vale ressaltar que crian\u00e7as a partir de seis meses de idade podem tomar a vacina seguramente.<\/p>\n<p>\u201cEstar imunizado nesse momento \u00e9 fundamental, j\u00e1 que a vacina\u00e7\u00e3o previne contra os casos graves, interna\u00e7\u00f5es e \u00f3bitos decorrentes da Influenza e Covid. V\u00edrus e bact\u00e9rias nunca deixam de circular e a vacina\u00e7\u00e3o fortalece o sistema imune e dificulta a prolifera\u00e7\u00e3o desses microrganismos no nosso corpo. Vamos lembrar que a vacina\u00e7\u00e3o \u00e9 um ato de amor\u201d, enfatiza a coordenadora de Imuniza\u00e7\u00e3o da Secretaria Municipal de Sa\u00fade, Nat\u00e1lia Lopes.<\/p>\n<p><strong>UNIDADES \u2013<\/strong>\u00a0Todas as unidades vacinadoras est\u00e3o atendendo das 8h30 \u00e0s 16h30. S\u00e3o elas:<\/p>\n<p>Estrat\u00e9gia de Sa\u00fade da Fam\u00edlia Nova Cidade \u2013 Rua Inajara, S\/N\u00ba \u2013 Nova Cidade<\/p>\n<p>Estrat\u00e9gia de Sa\u00fade da Fam\u00edlia \u00c2ncora \u2013 Rua das Ac\u00e1cias, N\u00ba 615 \u2013 \u00c2ncora<\/p>\n<p>Estrat\u00e9gia de Sa\u00fade da Fam\u00edlia Cantagalo \u2013 Estrada Cantagalo S\/N\u00ba \u2013 Cantagalo<\/p>\n<p>Estrat\u00e9gia de Sa\u00fade da Fam\u00edlia Cidade Praiana \u2013 Rua Santa Catarina, S\/N\u00ba \u2013 Cidade Praiana<\/p>\n<p>Estrat\u00e9gia de Sa\u00fade da Fam\u00edlia Cl\u00e1udio Ribeiro \u2013 Rua Peper\u00f4nia, S\/N\u00ba \u2013 \u00c2ncora<\/p>\n<p>Estrat\u00e9gia de Sa\u00fade da Fam\u00edlia Dona Edim\u00e9ia \u2013 Avenida Linda, S\/N\u00ba \u2013 Nova Esperan\u00e7a<\/p>\n<p>Estrat\u00e9gia de Sa\u00fade da Fam\u00edlia Oper\u00e1rio \u2013 Rua Cantagalo, S\/N\u00ba \u2013 Oper\u00e1rio<\/p>\n<p>Estrat\u00e9gia de Sa\u00fade da Fam\u00edlia Paulo Henrique Gussen \u2013 Rua das Brom\u00e9lias, S\/N\u00ba \u2013 \u00c2ncora<\/p>\n<p>Estrat\u00e9gia de Sa\u00fade da Fam\u00edlia Rocha Le\u00e3o \u2013 Paulo Henrique Sarzedas, S\/N\u00ba \u2013 Rocha Le\u00e3o<\/p>\n<p>Estrat\u00e9gia de Sa\u00fade da Fam\u00edlia Mar do Norte \u2013 Estrada da Praia, S\/N\u00ba \u2013 Mar do Norte<\/p>\n<p>Unidade B\u00e1sica de Sa\u00fade Jardim Maril\u00e9a \u2013 Rua Nova Friburgo, N\u00ba 21 \u2013 Jardim Maril\u00e9a<\/p>\n<p>Estrat\u00e9gia de Sa\u00fade da Fam\u00edlia Recanto \u2013 Rua Abel Siqueira, S\/N\u00ba \u2013 Recanto<\/p>\n<p>Polo do Turismo \u2013 Pra\u00e7a Prefeito Cl\u00e1udio Ribeiro \u2013 Extens\u00e3o do Bosque<\/p>\n","protected":false},"excerpt":{"rendered":"<p>Com a aproxima\u00e7\u00e3o de temperaturas mais baixas, a vacina\u00e7\u00e3o \u00e9 ainda mais importante para impedir os agravamentos causados pela doen\u00e7a Rio das Ostras segue disponibilizando para toda a popula\u00e7\u00e3o acima de seis meses de idade a vacina contra a Influenza (gripe). Todas as unidades de sa\u00fade realizam a vacina\u00e7\u00e3o, de segunda a sexta-feira, exceto feriados, [&hellip;]<\/p>\n","protected":false},"author":2,"featured_media":10336,"comment_status":"open","ping_status":"open","sticky":true,"template":"","format":"standard","meta":{"footnotes":""},"categories":[9,14,4],"tags":[],"class_list":["post-10335","post","type-post","status-publish","format-standard","has-post-thumbnail","hentry","category-estado","category-geral","category-rio-das-ostras"],"_links":{"self":[{"href":"https:\/\/blogdodanielgalvao.com.br\/site\/wp-json\/wp\/v2\/posts\/10335","targetHints":{"allow":["GET"]}}],"collection":[{"href":"https:\/\/blogdodanielgalvao.com.br\/site\/wp-json\/wp\/v2\/posts"}],"about":[{"href":"https:\/\/blogdodanielgalvao.com.br\/site\/wp-json\/wp\/v2\/types\/post"}],"author":[{"embeddable":true,"href":"https:\/\/blogdodanielgalvao.com.br\/site\/wp-json\/wp\/v2\/users\/2"}],"replies":[{"embeddable":true,"href":"https:\/\/blogdodanielgalvao.com.br\/site\/wp-json\/wp\/v2\/comments?post=10335"}],"version-history":[{"count":1,"href":"https:\/\/blogdodanielgalvao.com.br\/site\/wp-json\/wp\/v2\/posts\/10335\/revisions"}],"predecessor-version":[{"id":10337,"href":"https:\/\/blogdodanielgalvao.com.br\/site\/wp-json\/wp\/v2\/posts\/10335\/revisions\/10337"}],"wp:featuredmedia":[{"embeddable":true,"href":"https:\/\/blogdodanielgalvao.com.br\/site\/wp-json\/wp\/v2\/media\/10336"}],"wp:attachment":[{"href":"https:\/\/blogdodanielgalvao.com.br\/site\/wp-json\/wp\/v2\/media?parent=10335"}],"wp:term":[{"taxonomy":"category","embeddable":true,"href":"https:\/\/blogdodanielgalvao.com.br\/site\/wp-json\/wp\/v2\/categories?post=10335"},{"taxonomy":"post_tag","embeddable":true,"href":"https:\/\/blogdodanielgalvao.com.br\/site\/wp-json\/wp\/v2\/tags?post=10335"}],"curies":[{"name":"wp","href":"https:\/\/api.w.org\/{rel}","templated":true}]}}