{"id":10331,"date":"2024-05-20T17:57:21","date_gmt":"2024-05-20T20:57:21","guid":{"rendered":"https:\/\/blogdodanielgalvao.com.br\/site\/?p=10331"},"modified":"2024-05-20T17:57:40","modified_gmt":"2024-05-20T20:57:40","slug":"prefeitura-participa-de-mesa-redonda-no-i-simposio-caminhos-de-barro","status":"publish","type":"post","link":"https:\/\/blogdodanielgalvao.com.br\/site\/prefeitura-participa-de-mesa-redonda-no-i-simposio-caminhos-de-barro\/","title":{"rendered":"Prefeitura participa de mesa redonda no I Simp\u00f3sio Caminhos de Barro"},"content":{"rendered":"<p class=\"materia\" style=\"text-align: center;\"><em><strong>Nesta segunda-feira (20), a primeira-dama Tassiana Oliveira recebeu a diretora do projeto, Idamara Rizzo, que a convidou para participar de uma das mesas redonda, al\u00e9m de secret\u00e1rios municipais para prestigiarem o event<\/strong><\/em>o<\/p>\n<div>A Prefeitura de Campos participa na pr\u00f3xima semana, dias 28 e 29, do I Simp\u00f3sio Caminhos de Barro \u201cA cer\u00e2mica e suas possibilidades\u201d, promovido pelo projeto de extens\u00e3o Caminhos de Barro, com apoio da Universidade Estadual do Norte Fluminense (Uenf), Pr\u00f3-reitoria de Extens\u00e3o, Faperj e outros. O evento acontece no Centro de Conven\u00e7\u00f5es da universidade. Nesta segunda-feira (20), a primeira-dama Tassiana Oliveira recebeu a diretora do projeto, Idamara Rizzo, que a convidou para participar de uma das mesas redonda, al\u00e9m dos secret\u00e1rios municipais de Desenvolvimento Econ\u00f4mico, Mauro Silva, e de Qualifica\u00e7\u00e3o e Emprego, Marcelo M\u00e9rida, para estarem presentes.<\/div>\n<div><\/div>\n<div><img decoding=\"async\" src=\"https:\/\/campos.rj.gov.br\/app\/admin\/assets\/noticias\/docs\/441e45b71e171282bc871dcafe437bd1.jpg\" width=\"100%\" height=\"100%\" \/><\/div>\n<div><\/div>\n<div>&#8211; Nosso objetivo com esse evento \u00e9 tratar da cer\u00e2mica sob todos os aspectos, tanto a parte econ\u00f4mica, como a industrial, comercial, social, al\u00e9m da inclus\u00e3o, enfim todas possibilidades que ela nos traz. Queremos disseminar a cer\u00e2mica e todas suas possibilidades \u2013 explica a diretora do projeto.<\/div>\n<div><\/div>\n<div>O Caminhos de Barro \u00e9 consolidado dentro da Uenf, tendo como p\u00fablico alvo a Baixada Campista, onde surgiu, com a inten\u00e7\u00e3o de proporcionar uma op\u00e7\u00e3o de renda \u00e0s pessoas que vivem fora da \u00e1rea central. Hoje os artes\u00e3os atendem um p\u00fablico abrangente, muitos procurando o projeto como forma de terem uma renda extra ou, at\u00e9 mesmo, como terapia ocupacional.<\/div>\n<div><\/div>\n<div><img decoding=\"async\" src=\"https:\/\/campos.rj.gov.br\/app\/admin\/assets\/noticias\/docs\/7e1f7a78782d28cb594b3129ca3bb44b.jpg\" width=\"100%\" height=\"100%\" \/><\/div>\n<div><\/div>\n<div>&#8211; Ele est\u00e1 al\u00e9m das nossas expectativas. Estamos com um leque de pessoas diversificadas atuando no projeto. Esse simp\u00f3sio tamb\u00e9m vai ser para tornar o projeto ainda mais abrangente, mais conhecido, para chegar a mais pessoas. Da\u00ed a import\u00e2ncia das mesas redonda. Teremos duas ao final de cada dia da programa\u00e7\u00e3o. Primeiro dia, ser\u00e1 uma programa\u00e7\u00e3o mais voltada para a parte acad\u00eamica, a ind\u00fastria, o com\u00e9rcio, a inova\u00e7\u00e3o e tecnologia. No segundo, palestras e atividades voltadas \u00e0 quest\u00e3o social, \u00e0 economia, \u00e0 cultura. \u00c9 onde teremos a participa\u00e7\u00e3o da primeira dama \u2013 acrescentou.<\/div>\n<div><\/div>\n<div>Tassiana Oliveira, que recebeu o convite e uma pe\u00e7a do Caminhos de Barro, disse que eventos como esse se juntam ao trabalho que a Prefeitura vem desenvolvendo com os artes\u00e3os de Campos em diferentes segmentos, como o artesanato, entre outros. \u201cEventos como esses s\u00e3o muito importantes. Nossa cultura precisa ser cada vez mais valorizada. Temos aqui, em Campos, pessoas que fazem trabalhos excelentes e que n\u00e3o ficam atr\u00e1s de nenhum outro adquirido fora daqui\u201d, finaliza.<\/div>\n","protected":false},"excerpt":{"rendered":"<p>Nesta segunda-feira (20), a primeira-dama Tassiana Oliveira recebeu a diretora do projeto, Idamara Rizzo, que a convidou para participar de uma das mesas redonda, al\u00e9m de secret\u00e1rios municipais para prestigiarem o evento A Prefeitura de Campos participa na pr\u00f3xima semana, dias 28 e 29, do I Simp\u00f3sio Caminhos de Barro \u201cA cer\u00e2mica e suas possibilidades\u201d, [&hellip;]<\/p>\n","protected":false},"author":2,"featured_media":10332,"comment_status":"open","ping_status":"open","sticky":true,"template":"","format":"standard","meta":{"footnotes":""},"categories":[3,14,1527],"tags":[],"class_list":["post-10331","post","type-post","status-publish","format-standard","has-post-thumbnail","hentry","category-campos","category-geral","category-governo"],"_links":{"self":[{"href":"https:\/\/blogdodanielgalvao.com.br\/site\/wp-json\/wp\/v2\/posts\/10331","targetHints":{"allow":["GET"]}}],"collection":[{"href":"https:\/\/blogdodanielgalvao.com.br\/site\/wp-json\/wp\/v2\/posts"}],"about":[{"href":"https:\/\/blogdodanielgalvao.com.br\/site\/wp-json\/wp\/v2\/types\/post"}],"author":[{"embeddable":true,"href":"https:\/\/blogdodanielgalvao.com.br\/site\/wp-json\/wp\/v2\/users\/2"}],"replies":[{"embeddable":true,"href":"https:\/\/blogdodanielgalvao.com.br\/site\/wp-json\/wp\/v2\/comments?post=10331"}],"version-history":[{"count":1,"href":"https:\/\/blogdodanielgalvao.com.br\/site\/wp-json\/wp\/v2\/posts\/10331\/revisions"}],"predecessor-version":[{"id":10333,"href":"https:\/\/blogdodanielgalvao.com.br\/site\/wp-json\/wp\/v2\/posts\/10331\/revisions\/10333"}],"wp:featuredmedia":[{"embeddable":true,"href":"https:\/\/blogdodanielgalvao.com.br\/site\/wp-json\/wp\/v2\/media\/10332"}],"wp:attachment":[{"href":"https:\/\/blogdodanielgalvao.com.br\/site\/wp-json\/wp\/v2\/media?parent=10331"}],"wp:term":[{"taxonomy":"category","embeddable":true,"href":"https:\/\/blogdodanielgalvao.com.br\/site\/wp-json\/wp\/v2\/categories?post=10331"},{"taxonomy":"post_tag","embeddable":true,"href":"https:\/\/blogdodanielgalvao.com.br\/site\/wp-json\/wp\/v2\/tags?post=10331"}],"curies":[{"name":"wp","href":"https:\/\/api.w.org\/{rel}","templated":true}]}}