{"id":10328,"date":"2024-05-19T09:12:52","date_gmt":"2024-05-19T12:12:52","guid":{"rendered":"https:\/\/blogdodanielgalvao.com.br\/site\/?p=10328"},"modified":"2024-05-28T16:58:51","modified_gmt":"2024-05-28T19:58:51","slug":"prefeitura-apresenta-inicio-das-obras-de-infraestrutura-na-virgem-santa-no-dia-21","status":"publish","type":"post","link":"https:\/\/blogdodanielgalvao.com.br\/site\/prefeitura-apresenta-inicio-das-obras-de-infraestrutura-na-virgem-santa-no-dia-21\/","title":{"rendered":"Prefeitura apresenta in\u00edcio das obras de infraestrutura na Virgem Santa no dia 21"},"content":{"rendered":"<div class=\"pb-3 legenda-foto-noticia\">\n<p style=\"text-align: center;\"><strong><em>O evento ocorrer\u00e1 dia 21 de maio, \u00e0s 18h<\/em><\/strong><\/p>\n<\/div>\n<p>A Prefeitura de Maca\u00e9, atrav\u00e9s da Secretaria Municipal Adjunta de Obras, convida os moradores para apresenta\u00e7\u00e3o do in\u00edcio das obras de infraestrutura no bairro Virgem Santa. A solenidade ocorrer\u00e1 na pr\u00f3xima ter\u00e7a-feira, 21 de maio, \u00e0s 18h, na Escola Generino Teot\u00f4nio de Luna, Estrada da Virgem Santa, SN, Maca\u00e9 &#8211; RJ.<\/p>\n","protected":false},"excerpt":{"rendered":"<p>O evento ocorrer\u00e1 dia 21 de maio, \u00e0s 18h A Prefeitura de Maca\u00e9, atrav\u00e9s da Secretaria Municipal Adjunta de Obras, convida os moradores para apresenta\u00e7\u00e3o do in\u00edcio das obras de infraestrutura no bairro Virgem Santa. A solenidade ocorrer\u00e1 na pr\u00f3xima ter\u00e7a-feira, 21 de maio, \u00e0s 18h, na Escola Generino Teot\u00f4nio de Luna, Estrada da Virgem [&hellip;]<\/p>\n","protected":false},"author":2,"featured_media":10329,"comment_status":"open","ping_status":"open","sticky":true,"template":"","format":"standard","meta":{"footnotes":""},"categories":[9,14,2],"tags":[],"class_list":["post-10328","post","type-post","status-publish","format-standard","has-post-thumbnail","hentry","category-estado","category-geral","category-macae"],"_links":{"self":[{"href":"https:\/\/blogdodanielgalvao.com.br\/site\/wp-json\/wp\/v2\/posts\/10328","targetHints":{"allow":["GET"]}}],"collection":[{"href":"https:\/\/blogdodanielgalvao.com.br\/site\/wp-json\/wp\/v2\/posts"}],"about":[{"href":"https:\/\/blogdodanielgalvao.com.br\/site\/wp-json\/wp\/v2\/types\/post"}],"author":[{"embeddable":true,"href":"https:\/\/blogdodanielgalvao.com.br\/site\/wp-json\/wp\/v2\/users\/2"}],"replies":[{"embeddable":true,"href":"https:\/\/blogdodanielgalvao.com.br\/site\/wp-json\/wp\/v2\/comments?post=10328"}],"version-history":[{"count":1,"href":"https:\/\/blogdodanielgalvao.com.br\/site\/wp-json\/wp\/v2\/posts\/10328\/revisions"}],"predecessor-version":[{"id":10330,"href":"https:\/\/blogdodanielgalvao.com.br\/site\/wp-json\/wp\/v2\/posts\/10328\/revisions\/10330"}],"wp:featuredmedia":[{"embeddable":true,"href":"https:\/\/blogdodanielgalvao.com.br\/site\/wp-json\/wp\/v2\/media\/10329"}],"wp:attachment":[{"href":"https:\/\/blogdodanielgalvao.com.br\/site\/wp-json\/wp\/v2\/media?parent=10328"}],"wp:term":[{"taxonomy":"category","embeddable":true,"href":"https:\/\/blogdodanielgalvao.com.br\/site\/wp-json\/wp\/v2\/categories?post=10328"},{"taxonomy":"post_tag","embeddable":true,"href":"https:\/\/blogdodanielgalvao.com.br\/site\/wp-json\/wp\/v2\/tags?post=10328"}],"curies":[{"name":"wp","href":"https:\/\/api.w.org\/{rel}","templated":true}]}}