{"id":10309,"date":"2024-05-16T16:45:57","date_gmt":"2024-05-16T19:45:57","guid":{"rendered":"https:\/\/blogdodanielgalvao.com.br\/site\/?p=10309"},"modified":"2024-05-16T16:46:34","modified_gmt":"2024-05-16T19:46:34","slug":"escolas-municipais-promovem-feiras-de-ciencia","status":"publish","type":"post","link":"https:\/\/blogdodanielgalvao.com.br\/site\/escolas-municipais-promovem-feiras-de-ciencia\/","title":{"rendered":"Escolas municipais promovem feiras de ci\u00eancia"},"content":{"rendered":"<p>A Ci\u00eancia e a Educa\u00e7\u00e3o Ambiental est\u00e3o ainda mais presentes nas rotinas das escolas da Rede P\u00fablica Municipal de Ensino de Rio das Ostras. Durante os meses de abril, maio e junho, as unidades escolares promovem feiras de ci\u00eancias para divulga\u00e7\u00e3o dos conhecimentos desenvolvidos pelos alunos e professores. Os eventos s\u00e3o trabalhados de maneira interdisciplinar, estimulando o aprendizado e o desenvolvimento do pensamento cient\u00edfico. Parte das produ\u00e7\u00f5es elaboradas ser\u00e1 exposta na 8\u00aa Feira Eco-Ostras, prevista para o m\u00eas de julho.<\/p>\n<p>As feiras de ci\u00eancias, j\u00e1 tradicionais nos calend\u00e1rios das unidades, s\u00e3o ferramentas pedag\u00f3gicas que incentivam a criatividade e o protagonismo dos alunos. As atividades proporcionam o contato com a pesquisa, motivando a busca pelo conhecimento adquirido por meio da viv\u00eancia do estudante com o cotidiano e com o meio cient\u00edfico.<\/p>\n<p>\u201cA realiza\u00e7\u00e3o das feiras escolares \u00e9 de fundamental import\u00e2ncia para o desenvolvimento do pensamento cient\u00edfico. O fortalecimento, a partir de atividades como estas, da inventividade e da criatividade inerente \u00e0s crian\u00e7as e aos adolescentes \u00e9 fundamental para a forma\u00e7\u00e3o de cidad\u00e3os conscientes e protagonistas de sua pr\u00f3pria exist\u00eancia\u201d, destacou a coordenadora da Eco-Ostras, Nat\u00e1lia Coqueiro.<\/p>\n<p>Na Escola Municipal Professora Marinete Coelho de Souza, em Cantagalo, a feira movimentou a comunidade escolar do bairro com a presen\u00e7a dos pais e respons\u00e1veis no evento.<\/p>\n<p>\u201cNeste ano, a escola contou a presen\u00e7a de muitos pais que, n\u00e3o s\u00f3 prestigiaram o evento, como tamb\u00e9m participaram ativamente da produ\u00e7\u00e3o dos trabalhos com os filhos, mostrando o quanto a Feira de Ci\u00eancias tem movimentado a comunidade escolar de Cantagalo. A exemplo do ano passado, a feira tamb\u00e9m teve a exibi\u00e7\u00e3o de foguetes movidos por ar comprimido, o que novamente empolgou os presentes com os grandes voos que os prot\u00f3tipos al\u00e7aram\u201d, contou a diretora da unidade escolar, Gl\u00f3ria Escafura.<\/p>\n<p><strong>Eco-Ostras<\/strong>\u00a0\u2013 Em sua 8\u00aa edi\u00e7\u00e3o, a feira ter\u00e1 o tema \u201cPreservar e conservar: porque eu tamb\u00e9m sou um ecossistema\u201d. A a\u00e7\u00e3o incentiva a vis\u00e3o cr\u00edtica dos alunos a respeito das problem\u00e1ticas existentes na sociedade e a proposi\u00e7\u00e3o de potenciais solu\u00e7\u00f5es. Os trabalhos escolares ser\u00e3o inscritos a partir de exposi\u00e7\u00e3o na pr\u00f3pria unidade. Todos os projetos dever\u00e3o ser de natureza investigativa ou de inova\u00e7\u00e3o.<\/p>\n<p>A feira, prevista para o dia 3 de julho, ser\u00e1 aberta \u00e0 visita\u00e7\u00e3o do p\u00fablico e das escolas do Munic\u00edpio. Na ocasi\u00e3o, os trabalhos ser\u00e3o avaliados por um comit\u00ea, que julgar\u00e1 e classificar\u00e1 os projetos de acordo com a categoria na qual foram inscritos e dentro de crit\u00e9rios variados. As escolas t\u00eam at\u00e9 o dia 30 de maio para realizar a inscri\u00e7\u00e3o por meio do formul\u00e1rio\u00a0<a href=\"https:\/\/forms.gle\/AoPTQvR2ZdqL3ZN67\">https:\/\/forms.gle\/AoPTQvR2ZdqL3ZN67<\/a>.<\/p>\n","protected":false},"excerpt":{"rendered":"<p>A Ci\u00eancia e a Educa\u00e7\u00e3o Ambiental est\u00e3o ainda mais presentes nas rotinas das escolas da Rede P\u00fablica Municipal de Ensino de Rio das Ostras. Durante os meses de abril, maio e junho, as unidades escolares promovem feiras de ci\u00eancias para divulga\u00e7\u00e3o dos conhecimentos desenvolvidos pelos alunos e professores. Os eventos s\u00e3o trabalhados de maneira interdisciplinar, [&hellip;]<\/p>\n","protected":false},"author":2,"featured_media":10310,"comment_status":"open","ping_status":"open","sticky":true,"template":"","format":"standard","meta":{"footnotes":""},"categories":[9,14,4],"tags":[],"class_list":["post-10309","post","type-post","status-publish","format-standard","has-post-thumbnail","hentry","category-estado","category-geral","category-rio-das-ostras"],"_links":{"self":[{"href":"https:\/\/blogdodanielgalvao.com.br\/site\/wp-json\/wp\/v2\/posts\/10309","targetHints":{"allow":["GET"]}}],"collection":[{"href":"https:\/\/blogdodanielgalvao.com.br\/site\/wp-json\/wp\/v2\/posts"}],"about":[{"href":"https:\/\/blogdodanielgalvao.com.br\/site\/wp-json\/wp\/v2\/types\/post"}],"author":[{"embeddable":true,"href":"https:\/\/blogdodanielgalvao.com.br\/site\/wp-json\/wp\/v2\/users\/2"}],"replies":[{"embeddable":true,"href":"https:\/\/blogdodanielgalvao.com.br\/site\/wp-json\/wp\/v2\/comments?post=10309"}],"version-history":[{"count":1,"href":"https:\/\/blogdodanielgalvao.com.br\/site\/wp-json\/wp\/v2\/posts\/10309\/revisions"}],"predecessor-version":[{"id":10311,"href":"https:\/\/blogdodanielgalvao.com.br\/site\/wp-json\/wp\/v2\/posts\/10309\/revisions\/10311"}],"wp:featuredmedia":[{"embeddable":true,"href":"https:\/\/blogdodanielgalvao.com.br\/site\/wp-json\/wp\/v2\/media\/10310"}],"wp:attachment":[{"href":"https:\/\/blogdodanielgalvao.com.br\/site\/wp-json\/wp\/v2\/media?parent=10309"}],"wp:term":[{"taxonomy":"category","embeddable":true,"href":"https:\/\/blogdodanielgalvao.com.br\/site\/wp-json\/wp\/v2\/categories?post=10309"},{"taxonomy":"post_tag","embeddable":true,"href":"https:\/\/blogdodanielgalvao.com.br\/site\/wp-json\/wp\/v2\/tags?post=10309"}],"curies":[{"name":"wp","href":"https:\/\/api.w.org\/{rel}","templated":true}]}}