{"id":10232,"date":"2024-05-02T17:18:42","date_gmt":"2024-05-02T20:18:42","guid":{"rendered":"https:\/\/blogdodanielgalvao.com.br\/site\/?p=10232"},"modified":"2024-05-02T17:18:50","modified_gmt":"2024-05-02T20:18:50","slug":"prefeitura-inicia-pintura-e-sinalizacao-no-asfalto-novo-em-guarus","status":"publish","type":"post","link":"https:\/\/blogdodanielgalvao.com.br\/site\/prefeitura-inicia-pintura-e-sinalizacao-no-asfalto-novo-em-guarus\/","title":{"rendered":"Prefeitura inicia pintura e sinaliza\u00e7\u00e3o no Asfalto Novo em Guarus"},"content":{"rendered":"<p style=\"text-align: center;\"><em><strong>O projeto Asfalto Novo tem por finalidade recapear o asfalto de 95 ruas e avenidas estrat\u00e9gicas para o fluxo de ve\u00edculos e interliga\u00e7\u00e3o de diversos bairros<\/p>\n<p><\/strong><\/em><\/p>\n<div>A Prefeitura de Campos, por meio do Instituto Municipal de Tr\u00e2nsito e Transporte (IMTT), iniciou a sinaliza\u00e7\u00e3o de ruas e avenidas de Guarus contempladas pelo projeto Asfalto Novo. Em alguns trechos da Avenida Naz\u00e1rio Pereira Gomes j\u00e1 foram pintadas faixas de pedestres. Toda a avenida receber\u00e1 mais sinaliza\u00e7\u00f5es vertical e horizontal de lombadas, vagas de estacionamentos e ciclofaixa. O projeto Asfalto Novo tem por finalidade recapear o asfalto de 95 ruas e avenidas estrat\u00e9gicas para o fluxo de ve\u00edculos e interliga\u00e7\u00e3o de diversos bairros, garantindo maior mobilidade e seguran\u00e7a para os usu\u00e1rios do tr\u00e2nsito.<\/div>\n<div><\/div>\n<div>O aposentado Edvan Carvalho \u00e9 morador do Parque S\u00e3o Jos\u00e9 e afirmou que a Avenida Naz\u00e1rio Pereira Gomes ganhou novo visual com o Asfalto Novo. \u201cFicou muito bom e estamos vendo que os trabalhos est\u00e3o bastante adiantados com a sinaliza\u00e7\u00e3o. A avenida precisava desse recapeamento, pois alguns trechos j\u00e1 estavam esburacados\u201d, disse.<\/div>\n<div><\/div>\n<div>Para chegar ao trabalho, o balconista Manoel Magalh\u00e3es acessa todos os dias a Avenida Naz\u00e1rio Pereira Gomes de carro e afirma que a mobilidade est\u00e1 melhor. \u201cSem compara\u00e7\u00e3o. Antes o asfalto estava desnivelado e para a gente que tem carro, \u00e9 um perigo transitar em vias sem estrutura\u201d, ressaltou Manoel, informando que aguarda com ansiedade a conclus\u00e3o de toda a sinaliza\u00e7\u00e3o da avenida.<\/div>\n<div>\n<img decoding=\"async\" src=\"https:\/\/campos.rj.gov.br\/app\/admin\/assets\/noticias\/docs\/3cde5b4566f57511432ff2103f44d12f.jpg\" \/><\/p>\n<p><b>ASFALTO NOVO \u2014<\/b>\u00a0O projeto \u00e9 um investimento pr\u00f3prio da Prefeitura de Campos, por meio da Secretaria de Obras e Infraestrutura, na ordem de R$ 60 milh\u00f5es. As obras de recapeamento foram iniciadas na Avenida Professora Carmem Carneiro, a partir da interse\u00e7\u00e3o com a Avenida Tancredo Neves, e prosseguiu at\u00e9 a Avenida Murilo Peixoto, que \u00e9 o acesso da BR 101 para os bairros Eldorado, Novo Eldorado, Vila Industrial e para o Distrito Industrial de Guarus.<\/div>\n<p style=\"text-align: center;\"><em><strong>\u00a0<\/strong><\/em><\/p>\n","protected":false},"excerpt":{"rendered":"<p>O projeto Asfalto Novo tem por finalidade recapear o asfalto de 95 ruas e avenidas estrat\u00e9gicas para o fluxo de ve\u00edculos e interliga\u00e7\u00e3o de diversos bairros A Prefeitura de Campos, por meio do Instituto Municipal de Tr\u00e2nsito e Transporte (IMTT), iniciou a sinaliza\u00e7\u00e3o de ruas e avenidas de Guarus contempladas pelo projeto Asfalto Novo. Em [&hellip;]<\/p>\n","protected":false},"author":2,"featured_media":10233,"comment_status":"open","ping_status":"open","sticky":true,"template":"","format":"standard","meta":{"footnotes":""},"categories":[3,14,1527],"tags":[],"class_list":["post-10232","post","type-post","status-publish","format-standard","has-post-thumbnail","hentry","category-campos","category-geral","category-governo"],"_links":{"self":[{"href":"https:\/\/blogdodanielgalvao.com.br\/site\/wp-json\/wp\/v2\/posts\/10232","targetHints":{"allow":["GET"]}}],"collection":[{"href":"https:\/\/blogdodanielgalvao.com.br\/site\/wp-json\/wp\/v2\/posts"}],"about":[{"href":"https:\/\/blogdodanielgalvao.com.br\/site\/wp-json\/wp\/v2\/types\/post"}],"author":[{"embeddable":true,"href":"https:\/\/blogdodanielgalvao.com.br\/site\/wp-json\/wp\/v2\/users\/2"}],"replies":[{"embeddable":true,"href":"https:\/\/blogdodanielgalvao.com.br\/site\/wp-json\/wp\/v2\/comments?post=10232"}],"version-history":[{"count":1,"href":"https:\/\/blogdodanielgalvao.com.br\/site\/wp-json\/wp\/v2\/posts\/10232\/revisions"}],"predecessor-version":[{"id":10234,"href":"https:\/\/blogdodanielgalvao.com.br\/site\/wp-json\/wp\/v2\/posts\/10232\/revisions\/10234"}],"wp:featuredmedia":[{"embeddable":true,"href":"https:\/\/blogdodanielgalvao.com.br\/site\/wp-json\/wp\/v2\/media\/10233"}],"wp:attachment":[{"href":"https:\/\/blogdodanielgalvao.com.br\/site\/wp-json\/wp\/v2\/media?parent=10232"}],"wp:term":[{"taxonomy":"category","embeddable":true,"href":"https:\/\/blogdodanielgalvao.com.br\/site\/wp-json\/wp\/v2\/categories?post=10232"},{"taxonomy":"post_tag","embeddable":true,"href":"https:\/\/blogdodanielgalvao.com.br\/site\/wp-json\/wp\/v2\/tags?post=10232"}],"curies":[{"name":"wp","href":"https:\/\/api.w.org\/{rel}","templated":true}]}}