{"id":10229,"date":"2024-05-01T16:10:05","date_gmt":"2024-05-01T19:10:05","guid":{"rendered":"https:\/\/blogdodanielgalvao.com.br\/site\/?p=10229"},"modified":"2024-04-30T16:33:45","modified_gmt":"2024-04-30T19:33:45","slug":"saude-mantem-unidades-de-urgencia-e-emergencia-funcionando-no-dia-do-trabalhador","status":"publish","type":"post","link":"https:\/\/blogdodanielgalvao.com.br\/site\/saude-mantem-unidades-de-urgencia-e-emergencia-funcionando-no-dia-do-trabalhador\/","title":{"rendered":"Sa\u00fade mant\u00e9m unidades de urg\u00eancia e emerg\u00eancia funcionando no Dia do Trabalhador"},"content":{"rendered":"<p style=\"text-align: center;\"><em><strong>Assim como as Unidades Pr\u00e9-Hospitalares (UPH) 24h, estar\u00e1 aberto o Hemocentro Regional de Campos, que funciona todos os dias, inclusive nos finais de semana e feriados, das 7h \u00e0s 18h<br \/>\n<\/strong><\/em><\/p>\n<div id=\"print-frame-preview\" class=\"box-detail-noticia\">\n<div class=\"row\">\n<div class=\"col-md-12 imateria\">\n<div>A Prefeitura de Campos, por meio da Secretaria Municipal de Sa\u00fade (SMS), manter\u00e1 todas as unidades de urg\u00eancia e emerg\u00eancia funcionando normalmente, durante o feriado do Dia do Trabalho, nesta quarta-feira (1\u00b0). As Unidades B\u00e1sicas de Sa\u00fade (UBS) e o Centro de Refer\u00eancia da Dengue (CRD) n\u00e3o ir\u00e3o funcionar durante o feriado.<\/div>\n<div><\/div>\n<div>Estar\u00e3o abertas as Unidades Pr\u00e9-Hospitalares (UPH) 24h, assim como o Hemocentro Regional de Campos, que funciona todos os dias, por livre demanda, no Hospital Ferreira Machado (HFM), inclusive nos finais de semana e feriados, das 7h \u00e0s 18h. Tamb\u00e9m estar\u00e3o funcionando normalmente o Hospital Geral de Guarus (HGG), o Hospital Ferreira Machado (HFM) e Hospital S\u00e3o Jos\u00e9 (HSJ), al\u00e9m da Cl\u00ednica da Crian\u00e7a.<\/div>\n<div><\/div>\n<div>Al\u00e9m disso, duas unidades funcionar\u00e3o para atender crian\u00e7as e adultos que precisem atualizar a caderneta de imuniza\u00e7\u00e3o. S\u00e3o elas: Cl\u00ednica da Crian\u00e7a e a sede da Secretaria Municipal de Sa\u00fade, no hor\u00e1rio das 8h \u00e0s 17h. Os demais servi\u00e7os da secretaria retornar\u00e3o com os atendimentos na quinta-feira (2).<\/div>\n<p>&nbsp;<\/p>\n<\/div>\n<\/div>\n<\/div>\n<div class=\"row\">\n<div class=\"col-md-12 margin-top-15\">\n<div class=\"addthis_toolbox addthis_default_style addthis_32x32_style\"><\/div>\n<\/div>\n<\/div>\n","protected":false},"excerpt":{"rendered":"<p>Assim como as Unidades Pr\u00e9-Hospitalares (UPH) 24h, estar\u00e1 aberto o Hemocentro Regional de Campos, que funciona todos os dias, inclusive nos finais de semana e feriados, das 7h \u00e0s 18h A Prefeitura de Campos, por meio da Secretaria Municipal de Sa\u00fade (SMS), manter\u00e1 todas as unidades de urg\u00eancia e emerg\u00eancia funcionando normalmente, durante o feriado [&hellip;]<\/p>\n","protected":false},"author":2,"featured_media":10230,"comment_status":"open","ping_status":"open","sticky":true,"template":"","format":"standard","meta":{"footnotes":""},"categories":[3,9,14],"tags":[],"class_list":["post-10229","post","type-post","status-publish","format-standard","has-post-thumbnail","hentry","category-campos","category-estado","category-geral"],"_links":{"self":[{"href":"https:\/\/blogdodanielgalvao.com.br\/site\/wp-json\/wp\/v2\/posts\/10229","targetHints":{"allow":["GET"]}}],"collection":[{"href":"https:\/\/blogdodanielgalvao.com.br\/site\/wp-json\/wp\/v2\/posts"}],"about":[{"href":"https:\/\/blogdodanielgalvao.com.br\/site\/wp-json\/wp\/v2\/types\/post"}],"author":[{"embeddable":true,"href":"https:\/\/blogdodanielgalvao.com.br\/site\/wp-json\/wp\/v2\/users\/2"}],"replies":[{"embeddable":true,"href":"https:\/\/blogdodanielgalvao.com.br\/site\/wp-json\/wp\/v2\/comments?post=10229"}],"version-history":[{"count":1,"href":"https:\/\/blogdodanielgalvao.com.br\/site\/wp-json\/wp\/v2\/posts\/10229\/revisions"}],"predecessor-version":[{"id":10231,"href":"https:\/\/blogdodanielgalvao.com.br\/site\/wp-json\/wp\/v2\/posts\/10229\/revisions\/10231"}],"wp:featuredmedia":[{"embeddable":true,"href":"https:\/\/blogdodanielgalvao.com.br\/site\/wp-json\/wp\/v2\/media\/10230"}],"wp:attachment":[{"href":"https:\/\/blogdodanielgalvao.com.br\/site\/wp-json\/wp\/v2\/media?parent=10229"}],"wp:term":[{"taxonomy":"category","embeddable":true,"href":"https:\/\/blogdodanielgalvao.com.br\/site\/wp-json\/wp\/v2\/categories?post=10229"},{"taxonomy":"post_tag","embeddable":true,"href":"https:\/\/blogdodanielgalvao.com.br\/site\/wp-json\/wp\/v2\/tags?post=10229"}],"curies":[{"name":"wp","href":"https:\/\/api.w.org\/{rel}","templated":true}]}}