{"id":10226,"date":"2024-04-30T15:38:04","date_gmt":"2024-04-30T18:38:04","guid":{"rendered":"https:\/\/blogdodanielgalvao.com.br\/site\/?p=10226"},"modified":"2024-04-30T15:38:50","modified_gmt":"2024-04-30T18:38:50","slug":"prefeitura-de-buzios-informa-sobre-a-recente-ocorrencia-de-algas-em-pontos-da-praia-de-geriba","status":"publish","type":"post","link":"https:\/\/blogdodanielgalvao.com.br\/site\/prefeitura-de-buzios-informa-sobre-a-recente-ocorrencia-de-algas-em-pontos-da-praia-de-geriba\/","title":{"rendered":"Prefeitura de B\u00fazios informa sobre a recente ocorr\u00eancia de algas em pontos da Praia de Gerib\u00e1"},"content":{"rendered":"<p>A Prefeitura de B\u00fazios, por meio da Secretaria do Ambiente e Urbanismo, gostaria de informar \u00e0 popula\u00e7\u00e3o sobre a recente ocorr\u00eancia de algas em pontos da Praia de Gerib\u00e1. Entendemos a preocupa\u00e7\u00e3o dos moradores e frequentadores da regi\u00e3o e desejamos esclarecer alguns pontos importantes a respeito desse fen\u00f4meno.<\/p>\n<p>Em primeiro lugar, \u00e9 importante ressaltar que a presen\u00e7a dessas algas, conhecidas como sarga\u00e7o, \u00e9 um fen\u00f4meno natural. Trata-se de uma esp\u00e9cie de alga que \u00e9 base alimentar para tartarugas e outros animais marinhos que habitam \u00e1reas profundas. Essas algas s\u00e3o comuns em diversas partes do mundo e fazem parte do ecossistema marinho.<\/p>\n<p>\u00c9 necess\u00e1rio compreender que varia\u00e7\u00f5es clim\u00e1ticas e mudan\u00e7as na dire\u00e7\u00e3o das mar\u00e9s podem ocasionar o transporte dessas algas para \u00e1reas costeiras, como a Praia de Gerib\u00e1. Assim, mesmo em locais onde n\u00e3o \u00e9 comum encontrar grandes concentra\u00e7\u00f5es de algas, eventos como esse podem ocorrer devido \u00e0 din\u00e2mica natural do oceano.<\/p>\n<p>Quanto \u00e0 preocupa\u00e7\u00e3o relacionada \u00e0 qualidade da \u00e1gua do mar, esclarecemos que n\u00e3o h\u00e1 ind\u00edcios de contamina\u00e7\u00e3o por esgoto. O sistema marinho possui uma capacidade natural de se recuperar, especialmente nas \u00e1reas din\u00e2micas como a regi\u00e3o pr\u00f3xima \u00e0 Praia de Gerib\u00e1. Portanto, descartamos a hip\u00f3tese de que a presen\u00e7a das algas seja resultado de um despejo exagerado de esgoto.<\/p>\n<p>Por fim, informamos que a Secretaria de Servi\u00e7os P\u00fablicos atuou para realizar a limpeza da praia, garantindo a conserva\u00e7\u00e3o do ambiente e o conforto dos frequentadores. A Prefeitura de B\u00fazios permanece \u00e0 disposi\u00e7\u00e3o para fornecer informa\u00e7\u00f5es adicionais e seguir acompanhando a situa\u00e7\u00e3o para garantir o bem-estar da comunidade e a preserva\u00e7\u00e3o do nosso litoral.<\/p>\n<p><img decoding=\"async\" src=\"https:\/\/buzios.rj.gov.br\/wp-content\/uploads\/2024\/04\/WhatsApp-Image-2024-04-29-at-16.13.13.jpeg\" \/><\/p>\n<p><img decoding=\"async\" src=\"https:\/\/buzios.rj.gov.br\/wp-content\/uploads\/2024\/04\/WhatsApp-Image-2024-04-29-at-16.33.34-2.jpeg\" \/><\/p>\n","protected":false},"excerpt":{"rendered":"<p>A Prefeitura de B\u00fazios, por meio da Secretaria do Ambiente e Urbanismo, gostaria de informar \u00e0 popula\u00e7\u00e3o sobre a recente ocorr\u00eancia de algas em pontos da Praia de Gerib\u00e1. Entendemos a preocupa\u00e7\u00e3o dos moradores e frequentadores da regi\u00e3o e desejamos esclarecer alguns pontos importantes a respeito desse fen\u00f4meno. Em primeiro lugar, \u00e9 importante ressaltar que [&hellip;]<\/p>\n","protected":false},"author":2,"featured_media":10227,"comment_status":"open","ping_status":"open","sticky":true,"template":"","format":"standard","meta":{"footnotes":""},"categories":[824,9,14],"tags":[],"class_list":["post-10226","post","type-post","status-publish","format-standard","has-post-thumbnail","hentry","category-buzios","category-estado","category-geral"],"_links":{"self":[{"href":"https:\/\/blogdodanielgalvao.com.br\/site\/wp-json\/wp\/v2\/posts\/10226","targetHints":{"allow":["GET"]}}],"collection":[{"href":"https:\/\/blogdodanielgalvao.com.br\/site\/wp-json\/wp\/v2\/posts"}],"about":[{"href":"https:\/\/blogdodanielgalvao.com.br\/site\/wp-json\/wp\/v2\/types\/post"}],"author":[{"embeddable":true,"href":"https:\/\/blogdodanielgalvao.com.br\/site\/wp-json\/wp\/v2\/users\/2"}],"replies":[{"embeddable":true,"href":"https:\/\/blogdodanielgalvao.com.br\/site\/wp-json\/wp\/v2\/comments?post=10226"}],"version-history":[{"count":1,"href":"https:\/\/blogdodanielgalvao.com.br\/site\/wp-json\/wp\/v2\/posts\/10226\/revisions"}],"predecessor-version":[{"id":10228,"href":"https:\/\/blogdodanielgalvao.com.br\/site\/wp-json\/wp\/v2\/posts\/10226\/revisions\/10228"}],"wp:featuredmedia":[{"embeddable":true,"href":"https:\/\/blogdodanielgalvao.com.br\/site\/wp-json\/wp\/v2\/media\/10227"}],"wp:attachment":[{"href":"https:\/\/blogdodanielgalvao.com.br\/site\/wp-json\/wp\/v2\/media?parent=10226"}],"wp:term":[{"taxonomy":"category","embeddable":true,"href":"https:\/\/blogdodanielgalvao.com.br\/site\/wp-json\/wp\/v2\/categories?post=10226"},{"taxonomy":"post_tag","embeddable":true,"href":"https:\/\/blogdodanielgalvao.com.br\/site\/wp-json\/wp\/v2\/tags?post=10226"}],"curies":[{"name":"wp","href":"https:\/\/api.w.org\/{rel}","templated":true}]}}