{"id":10163,"date":"2024-04-13T09:28:00","date_gmt":"2024-04-13T12:28:00","guid":{"rendered":"https:\/\/blogdodanielgalvao.com.br\/site\/?p=10163"},"modified":"2024-04-12T18:28:04","modified_gmt":"2024-04-12T21:28:04","slug":"macae-promove-dia-d-de-vacinacao-contra-a-influenza-neste-sabado","status":"publish","type":"post","link":"https:\/\/blogdodanielgalvao.com.br\/site\/macae-promove-dia-d-de-vacinacao-contra-a-influenza-neste-sabado\/","title":{"rendered":"Maca\u00e9 promove Dia D de Vacina\u00e7\u00e3o contra a Influenza neste s\u00e1bado"},"content":{"rendered":"<div class=\"container mt-2\">\n<div class=\"container-fluid\">\n<div id=\"row\">\n<p>O Dia D de Vacina\u00e7\u00e3o contra a Influenza (gripe) acontece neste s\u00e1bado (13). Em 41 unidades de sa\u00fade ser\u00e1 poss\u00edvel realizar a imuniza\u00e7\u00e3o, das 8h \u00e0s 17h. A Secretaria de Sa\u00fade de Maca\u00e9 recebeu 23.300 mil doses para essa primeira etapa. A meta \u00e9 vacinar, ao todo, 75 mil pessoas de todos os grupos priorit\u00e1rios.<\/p>\n<p>A campanha come\u00e7ou no dia 25 de mar\u00e7o e o munic\u00edpio j\u00e1 imunizou 8,14% do p\u00fablico-alvo, o que representa 6.290 mil pessoas. A vacina\u00e7\u00e3o prossegue at\u00e9 o dia 31 de maio em todas as salas de vacina, de segunda a sexta-feira.<\/p>\n<p>A coordenadora do Programa Municipal de Imuniza\u00e7\u00e3o, Samyra Mayer, lembra que a vacina \u00e9 um dos meios de prevenir a gripe e suas complica\u00e7\u00f5es, al\u00e9m de apresentar um impacto na diminui\u00e7\u00e3o das interna\u00e7\u00f5es hospitalares e da mortalidade evit\u00e1vel.<\/p>\n<p>Para receber o imunizante \u00e9 necess\u00e1rio apresentar documento de identifica\u00e7\u00e3o com foto, CPF, Cart\u00e3o do SUS, caderneta de vacina\u00e7\u00e3o, laudo ou receita m\u00e9dica se for dentro de algum grupo priorit\u00e1rio.<\/p>\n<p><strong>Veja quem pode se vacinar<\/strong><\/p>\n<p>Crian\u00e7as de seis meses a menores de seis anos de idade; trabalhador da sa\u00fade; gestantes; pu\u00e9rperas; professores do ensino b\u00e1sico e superior; povos ind\u00edgenas; quilombolas; Idosos com 60 anos ou mais de idade; pessoas em situa\u00e7\u00e3o de rua; profissionais das For\u00e7as de Seguran\u00e7a e Salvamento; profissionais das For\u00e7as Armadas; pessoas com doen\u00e7as cr\u00f4nicas n\u00e3o transmiss\u00edveis e outras condi\u00e7\u00f5es cl\u00ednicas especiais independentemente da idade; pessoas com defici\u00eancia permanente; caminhoneiros; trabalhadores de transporte coletivo rodovi\u00e1rio para passageiros urbanos e de longo curso; trabalhadores portu\u00e1rios; popula\u00e7\u00e3o privada de liberdade e funcion\u00e1rios do sistema de priva\u00e7\u00e3o de liberdade, adolescentes e jovens de 12 a 21 anos de idade sob medidas socioeducativas.<\/p>\n<p>Confira a lista das unidades que estar\u00e3o vacinando neste s\u00e1bado:<\/p>\n<ul>\n<li style=\"list-style-type: none;\">\n<ul>\n<li>ESF AJUDA A<\/li>\n<\/ul>\n<\/li>\n<\/ul>\n<ul>\n<li style=\"list-style-type: none;\">\n<ul>\n<li>ESF AJUDA B<\/li>\n<\/ul>\n<\/li>\n<\/ul>\n<ul>\n<li style=\"list-style-type: none;\">\n<ul>\n<li>ESF AJUDA C<\/li>\n<\/ul>\n<\/li>\n<\/ul>\n<ul>\n<li style=\"list-style-type: none;\">\n<ul>\n<li>ESF ATERRADO DO IMBURO<\/li>\n<\/ul>\n<\/li>\n<\/ul>\n<ul>\n<li style=\"list-style-type: none;\">\n<ul>\n<li>ESF\/ UBS AROEIRA<\/li>\n<\/ul>\n<\/li>\n<\/ul>\n<ul>\n<li style=\"list-style-type: none;\">\n<ul>\n<li>ESF AREIA BRANCA<\/li>\n<\/ul>\n<\/li>\n<\/ul>\n<ul>\n<li style=\"list-style-type: none;\">\n<ul>\n<li>ESF BARRA BRAS\u00cdLIA<\/li>\n<\/ul>\n<\/li>\n<\/ul>\n<ul>\n<li style=\"list-style-type: none;\">\n<ul>\n<li>ESF BICUDA GRANDE<\/li>\n<\/ul>\n<\/li>\n<\/ul>\n<ul>\n<li style=\"list-style-type: none;\">\n<ul>\n<li>ESF BICUDA PEQUENA<\/li>\n<\/ul>\n<\/li>\n<\/ul>\n<ul>\n<li style=\"list-style-type: none;\">\n<ul>\n<li>ESF BOTAFOGO<\/li>\n<\/ul>\n<\/li>\n<\/ul>\n<ul>\n<li style=\"list-style-type: none;\">\n<ul>\n<li>ESF BOSQUE AZUL<\/li>\n<\/ul>\n<\/li>\n<\/ul>\n<ul>\n<li style=\"list-style-type: none;\">\n<ul>\n<li>ESF CAJUEIROS<\/li>\n<\/ul>\n<\/li>\n<\/ul>\n<ul>\n<li style=\"list-style-type: none;\">\n<ul>\n<li>ESF CAMPO DO OESTE<\/li>\n<\/ul>\n<\/li>\n<\/ul>\n<ul>\n<li style=\"list-style-type: none;\">\n<ul>\n<li>ESF CASA DA VACINA<\/li>\n<\/ul>\n<\/li>\n<\/ul>\n<ul>\n<li style=\"list-style-type: none;\">\n<ul>\n<li>ESF CENTRO<\/li>\n<\/ul>\n<\/li>\n<\/ul>\n<ul>\n<li style=\"list-style-type: none;\">\n<ul>\n<li>ESF CORREGO DO OURO<\/li>\n<\/ul>\n<\/li>\n<\/ul>\n<ul>\n<li style=\"list-style-type: none;\">\n<ul>\n<li>ESF ENGENHO DA PRAIA<\/li>\n<\/ul>\n<\/li>\n<\/ul>\n<ul>\n<li style=\"list-style-type: none;\">\n<ul>\n<li>ESF FRONTEIRA<\/li>\n<\/ul>\n<\/li>\n<\/ul>\n<ul>\n<li style=\"list-style-type: none;\">\n<ul>\n<li>ESF FRADE<\/li>\n<\/ul>\n<\/li>\n<\/ul>\n<ul>\n<li style=\"list-style-type: none;\">\n<ul>\n<li>ESF GLIC\u00c9RIO<\/li>\n<\/ul>\n<\/li>\n<\/ul>\n<ul>\n<li style=\"list-style-type: none;\">\n<ul>\n<li>ESF HORTO<\/li>\n<\/ul>\n<\/li>\n<\/ul>\n<ul>\n<li style=\"list-style-type: none;\">\n<ul>\n<li>ESF IMBETIBA<\/li>\n<\/ul>\n<\/li>\n<\/ul>\n<ul>\n<li style=\"list-style-type: none;\">\n<ul>\n<li>ESF JARDIM FRANCO<\/li>\n<\/ul>\n<\/li>\n<\/ul>\n<ul>\n<li style=\"list-style-type: none;\">\n<ul>\n<li>ESF LAGOMAR B\/C<\/li>\n<\/ul>\n<\/li>\n<\/ul>\n<ul>\n<li style=\"list-style-type: none;\">\n<ul>\n<li>ESF MALVINAS A\/C<\/li>\n<\/ul>\n<\/li>\n<\/ul>\n<ul>\n<li style=\"list-style-type: none;\">\n<ul>\n<li>ESF MALVINAS B<\/li>\n<\/ul>\n<\/li>\n<\/ul>\n<ul>\n<li style=\"list-style-type: none;\">\n<ul>\n<li>ESF MORRO DE S\u00c3O JORGE<\/li>\n<\/ul>\n<\/li>\n<\/ul>\n<ul>\n<li style=\"list-style-type: none;\">\n<ul>\n<li>ESF NOVA HOLANDA<\/li>\n<\/ul>\n<\/li>\n<\/ul>\n<ul>\n<li style=\"list-style-type: none;\">\n<ul>\n<li>ESF NOVA ESPERAN\u00c7A<\/li>\n<\/ul>\n<\/li>\n<\/ul>\n<ul>\n<li style=\"list-style-type: none;\">\n<ul>\n<li>ESF PRAIA CAMPISTA<\/li>\n<\/ul>\n<\/li>\n<\/ul>\n<ul>\n<li style=\"list-style-type: none;\">\n<ul>\n<li>PRONTO SOCORRO DO AEROPORTO<\/li>\n<\/ul>\n<\/li>\n<\/ul>\n<ul>\n<li style=\"list-style-type: none;\">\n<ul>\n<li>ESF SANA<\/li>\n<\/ul>\n<\/li>\n<\/ul>\n<ul>\n<li style=\"list-style-type: none;\">\n<ul>\n<li>TRAPICHE<\/li>\n<\/ul>\n<\/li>\n<\/ul>\n<ul>\n<li style=\"list-style-type: none;\">\n<ul>\n<li>UBS BARRAMARES<\/li>\n<\/ul>\n<\/li>\n<\/ul>\n<ul>\n<li style=\"list-style-type: none;\">\n<ul>\n<li>UBS LAGOMAR<\/li>\n<\/ul>\n<\/li>\n<\/ul>\n<ul>\n<li style=\"list-style-type: none;\">\n<ul>\n<li>UBS MORRO DE SANTANA<\/li>\n<\/ul>\n<\/li>\n<\/ul>\n<ul>\n<li style=\"list-style-type: none;\">\n<ul>\n<li>UBS NOVO CAVALEIROS<\/li>\n<\/ul>\n<\/li>\n<\/ul>\n<ul>\n<li style=\"list-style-type: none;\">\n<ul>\n<li>ESF VISCONDE<\/li>\n<\/ul>\n<\/li>\n<\/ul>\n<ul>\n<li style=\"list-style-type: none;\">\n<ul>\n<li>ESF VIRGEM SANTA<\/li>\n<\/ul>\n<\/li>\n<\/ul>\n<ul>\n<li style=\"list-style-type: none;\">\n<ul>\n<li>UBS NOVO HORIZONTE<\/li>\n<\/ul>\n<\/li>\n<\/ul>\n<ul>\n<li style=\"list-style-type: none;\">\n<ul>\n<li>UBS ATERRADO<\/li>\n<\/ul>\n<\/li>\n<\/ul>\n<ul>\n<li style=\"list-style-type: none;\">\n<ul>\n<li>UBS IMBOASSICA<\/li>\n<\/ul>\n<\/li>\n<\/ul>\n<p>&nbsp;<\/p>\n<\/div>\n<\/div>\n<\/div>\n<footer class=\"py-2\">\n<div class=\"footer row mt-4 d-print-none\">\n<div id=\"footer_new\" class=\"row mx-5 mt-4\"><\/div>\n<\/div>\n<\/footer>\n","protected":false},"excerpt":{"rendered":"<p>O Dia D de Vacina\u00e7\u00e3o contra a Influenza (gripe) acontece neste s\u00e1bado (13). Em 41 unidades de sa\u00fade ser\u00e1 poss\u00edvel realizar a imuniza\u00e7\u00e3o, das 8h \u00e0s 17h. A Secretaria de Sa\u00fade de Maca\u00e9 recebeu 23.300 mil doses para essa primeira etapa. A meta \u00e9 vacinar, ao todo, 75 mil pessoas de todos os grupos priorit\u00e1rios. [&hellip;]<\/p>\n","protected":false},"author":2,"featured_media":10164,"comment_status":"open","ping_status":"open","sticky":true,"template":"","format":"standard","meta":{"footnotes":""},"categories":[9,14,2],"tags":[],"class_list":["post-10163","post","type-post","status-publish","format-standard","has-post-thumbnail","hentry","category-estado","category-geral","category-macae"],"_links":{"self":[{"href":"https:\/\/blogdodanielgalvao.com.br\/site\/wp-json\/wp\/v2\/posts\/10163","targetHints":{"allow":["GET"]}}],"collection":[{"href":"https:\/\/blogdodanielgalvao.com.br\/site\/wp-json\/wp\/v2\/posts"}],"about":[{"href":"https:\/\/blogdodanielgalvao.com.br\/site\/wp-json\/wp\/v2\/types\/post"}],"author":[{"embeddable":true,"href":"https:\/\/blogdodanielgalvao.com.br\/site\/wp-json\/wp\/v2\/users\/2"}],"replies":[{"embeddable":true,"href":"https:\/\/blogdodanielgalvao.com.br\/site\/wp-json\/wp\/v2\/comments?post=10163"}],"version-history":[{"count":1,"href":"https:\/\/blogdodanielgalvao.com.br\/site\/wp-json\/wp\/v2\/posts\/10163\/revisions"}],"predecessor-version":[{"id":10165,"href":"https:\/\/blogdodanielgalvao.com.br\/site\/wp-json\/wp\/v2\/posts\/10163\/revisions\/10165"}],"wp:featuredmedia":[{"embeddable":true,"href":"https:\/\/blogdodanielgalvao.com.br\/site\/wp-json\/wp\/v2\/media\/10164"}],"wp:attachment":[{"href":"https:\/\/blogdodanielgalvao.com.br\/site\/wp-json\/wp\/v2\/media?parent=10163"}],"wp:term":[{"taxonomy":"category","embeddable":true,"href":"https:\/\/blogdodanielgalvao.com.br\/site\/wp-json\/wp\/v2\/categories?post=10163"},{"taxonomy":"post_tag","embeddable":true,"href":"https:\/\/blogdodanielgalvao.com.br\/site\/wp-json\/wp\/v2\/tags?post=10163"}],"curies":[{"name":"wp","href":"https:\/\/api.w.org\/{rel}","templated":true}]}}