{"id":10160,"date":"2024-04-12T17:39:04","date_gmt":"2024-04-12T20:39:04","guid":{"rendered":"https:\/\/blogdodanielgalvao.com.br\/site\/?p=10160"},"modified":"2024-04-12T17:39:59","modified_gmt":"2024-04-12T20:39:59","slug":"rio-das-ostras-inaugura-setima-base-de-seguranca-publica","status":"publish","type":"post","link":"https:\/\/blogdodanielgalvao.com.br\/site\/rio-das-ostras-inaugura-setima-base-de-seguranca-publica\/","title":{"rendered":"Rio das Ostras inaugura s\u00e9tima base de Seguran\u00e7a P\u00fablica"},"content":{"rendered":"<div id=\"noticias-content\">\n<p style=\"text-align: center;\"><strong><em>As sete unidades est\u00e3o em pontos estrat\u00e9gicos, que formam um cerco t\u00e1tico no Munic\u00edpio<\/em><\/strong><\/p>\n<p>A Administra\u00e7\u00e3o Municipal de Rio das Ostras entregou nesta quinta-feira, dia 11 de abril, mais uma Base Comunit\u00e1ria de Seguran\u00e7a P\u00fablica, no Residencial Maria Turri.<\/p>\n<p>A Unidade \u00e9 toda equipada e funcionar\u00e1 24h por dia, com guardas civis municipais, nos sete dias da semana, e com uma viatura pronta para atender \u00e0 popula\u00e7\u00e3o.<\/p>\n<p>Com essa inaugura\u00e7\u00e3o, a Administra\u00e7\u00e3o Municipal j\u00e1 entregou sete bases de Seguran\u00e7a P\u00fablica, que contribuem diretamente para reduzir os \u00edndices criminais, fazendo um cerco t\u00e1tico na Cidade.<\/p>\n<p>O secret\u00e1rio Municipal de Seguran\u00e7a P\u00fablica, Evandro Carvalho, falou sobre o papel das bases de seguran\u00e7a nas comunidades:<\/p>\n<p>\u201cA Base Comunit\u00e1ria de Seguran\u00e7a desempenha um papel crucial na promo\u00e7\u00e3o da Seguran\u00e7a P\u00fablica. As unidades fortalecem os la\u00e7os entre a Guarda Civil e a popula\u00e7\u00e3o. Essa aproxima\u00e7\u00e3o com os moradores contribui para respostas r\u00e1pidas dadas pelos agentes, prevenindo o crime e melhorando a qualidade de vida dos mun\u00edcipes\u201d, destacou o secret\u00e1rio.<\/p>\n<p><strong>BASES-<\/strong>\u00a0O Munic\u00edpio conta com outras seis bases, al\u00e9m dessa, na localidade do Maria Turri. A primeira base de seguran\u00e7a foi instalada em um ponto estrat\u00e9gico, na chegada de Rio das Ostras. Depois dela, vieram as de Cantagalo, Mar do Norte, Rocha Le\u00e3o, Pra\u00e7a da Baleia (em Costazul) e Orla de Costazul.<\/p>\n<\/div>\n","protected":false},"excerpt":{"rendered":"<p>As sete unidades est\u00e3o em pontos estrat\u00e9gicos, que formam um cerco t\u00e1tico no Munic\u00edpio A Administra\u00e7\u00e3o Municipal de Rio das Ostras entregou nesta quinta-feira, dia 11 de abril, mais uma Base Comunit\u00e1ria de Seguran\u00e7a P\u00fablica, no Residencial Maria Turri. A Unidade \u00e9 toda equipada e funcionar\u00e1 24h por dia, com guardas civis municipais, nos sete [&hellip;]<\/p>\n","protected":false},"author":2,"featured_media":10161,"comment_status":"open","ping_status":"open","sticky":true,"template":"","format":"standard","meta":{"footnotes":""},"categories":[9,14,4],"tags":[],"class_list":["post-10160","post","type-post","status-publish","format-standard","has-post-thumbnail","hentry","category-estado","category-geral","category-rio-das-ostras"],"_links":{"self":[{"href":"https:\/\/blogdodanielgalvao.com.br\/site\/wp-json\/wp\/v2\/posts\/10160","targetHints":{"allow":["GET"]}}],"collection":[{"href":"https:\/\/blogdodanielgalvao.com.br\/site\/wp-json\/wp\/v2\/posts"}],"about":[{"href":"https:\/\/blogdodanielgalvao.com.br\/site\/wp-json\/wp\/v2\/types\/post"}],"author":[{"embeddable":true,"href":"https:\/\/blogdodanielgalvao.com.br\/site\/wp-json\/wp\/v2\/users\/2"}],"replies":[{"embeddable":true,"href":"https:\/\/blogdodanielgalvao.com.br\/site\/wp-json\/wp\/v2\/comments?post=10160"}],"version-history":[{"count":1,"href":"https:\/\/blogdodanielgalvao.com.br\/site\/wp-json\/wp\/v2\/posts\/10160\/revisions"}],"predecessor-version":[{"id":10162,"href":"https:\/\/blogdodanielgalvao.com.br\/site\/wp-json\/wp\/v2\/posts\/10160\/revisions\/10162"}],"wp:featuredmedia":[{"embeddable":true,"href":"https:\/\/blogdodanielgalvao.com.br\/site\/wp-json\/wp\/v2\/media\/10161"}],"wp:attachment":[{"href":"https:\/\/blogdodanielgalvao.com.br\/site\/wp-json\/wp\/v2\/media?parent=10160"}],"wp:term":[{"taxonomy":"category","embeddable":true,"href":"https:\/\/blogdodanielgalvao.com.br\/site\/wp-json\/wp\/v2\/categories?post=10160"},{"taxonomy":"post_tag","embeddable":true,"href":"https:\/\/blogdodanielgalvao.com.br\/site\/wp-json\/wp\/v2\/tags?post=10160"}],"curies":[{"name":"wp","href":"https:\/\/api.w.org\/{rel}","templated":true}]}}