{"id":10143,"date":"2024-04-08T16:51:14","date_gmt":"2024-04-08T19:51:14","guid":{"rendered":"https:\/\/blogdodanielgalvao.com.br\/site\/?p=10143"},"modified":"2024-04-11T17:44:15","modified_gmt":"2024-04-11T20:44:15","slug":"municipio-de-rio-das-ostras-ganha-nova-estacao-de-tratamento-de-agua","status":"publish","type":"post","link":"https:\/\/blogdodanielgalvao.com.br\/site\/municipio-de-rio-das-ostras-ganha-nova-estacao-de-tratamento-de-agua\/","title":{"rendered":"Munic\u00edpio de Rio das Ostras ganha nova Esta\u00e7\u00e3o de Tratamento de \u00c1gua"},"content":{"rendered":"<p><em><strong>Com a obra, o Munic\u00edpio ter\u00e1 abastecimento e distribui\u00e7\u00e3o de \u00e1gua ampliados<\/strong><\/em><\/p>\n<p>Na manh\u00e3 desta segunda-feira, 8 de abril, Rio das Ostras recebeu uma importante obra, que beneficiar\u00e1 cerca de 150 mil moradores. A Rio+Saneamento inaugurou a nova Esta\u00e7\u00e3o de Tratamento de \u00c1gua (ETA Rio Dourado), que vai permitir ampliar o abastecimento e distribui\u00e7\u00e3o de \u00e1gua no Munic\u00edpio.<\/p>\n<p>A solenidade contou com a presen\u00e7a do governador do Estado do Rio, Cl\u00e1udio Castro; do secret\u00e1rio de Meio Ambiente, Agricultura e Pesca, Nestor Prado, que estava representando o prefeito Marcelino Borba; do presidente da C\u00e2mara, Mauricio BM, dos vereadores Uderlan Hespanhol e Rafael Pereira. Al\u00e9m do presidente da \u00c1guas do Brasil, Claudio Abduche e do presidente da Rio+ Saneamento, Leonardo Riguetto.<\/p>\n<p>Durante cerca de um ano, foi constru\u00edda uma adutora de 12 quil\u00f4metros de extens\u00e3o, e a ETA Rio Dourado passou por uma sequ\u00eancia de a\u00e7\u00f5es, assim como outras unidades operacionais da concession\u00e1ria na regi\u00e3o, a fim de garantir maior capacidade de produ\u00e7\u00e3o e melhor distribui\u00e7\u00e3o de \u00e1gua em todo o Munic\u00edpio.<\/p>\n<p>A ETA teve sua capacidade de tratamento aumentada, passando a produzir mais \u00e1gua, elevando a capacidade de produ\u00e7\u00e3o de 320 litros por segundo (l\/s) para 600 l\/s, quase dobrando a produ\u00e7\u00e3o.<br \/>\nDesde o in\u00edcio das opera\u00e7\u00f5es em Rio das Ostras foram destinados R$ 60 milh\u00f5es para amplia\u00e7\u00e3o de todas as etapas do processo de tratamento e distribui\u00e7\u00e3o, come\u00e7ando pela capta\u00e7\u00e3o no Rio Maca\u00e9 at\u00e9 seu destino final, que \u00e9 a casa dos clientes. Mais de 150 mil moradores ser\u00e3o beneficiados no Munic\u00edpio.<\/p>\n<p>Durante seu pronunciamento, o Governador Claudio Castro disse que a amplia\u00e7\u00e3o do abastecimento e distribui\u00e7\u00e3o de Rio das Ostras faz parte de um projeto macro de incremento do servi\u00e7o do Estado e ressaltou a import\u00e2ncia da obra. \u201cRio das Ostras faz parte de uma regi\u00e3o importante para o desenvolvimento econ\u00f4mico do Estado. Esta inaugura\u00e7\u00e3o vem transformar a vida das pessoas\u201d.<\/p>\n<p><img decoding=\"async\" src=\"https:\/\/www.riodasostras.rj.gov.br\/wp-content\/uploads\/2024\/04\/municipio-ganha-nova-estacao-de-tratamento-de-agua-whatsapp-image-2024-04-08-at-16.28.14.jpeg\" alt=\"Descri\u00e7\u00e3o da foto\" \/><\/p>\n","protected":false},"excerpt":{"rendered":"<p>Com a obra, o Munic\u00edpio ter\u00e1 abastecimento e distribui\u00e7\u00e3o de \u00e1gua ampliados Na manh\u00e3 desta segunda-feira, 8 de abril, Rio das Ostras recebeu uma importante obra, que beneficiar\u00e1 cerca de 150 mil moradores. A Rio+Saneamento inaugurou a nova Esta\u00e7\u00e3o de Tratamento de \u00c1gua (ETA Rio Dourado), que vai permitir ampliar o abastecimento e distribui\u00e7\u00e3o de [&hellip;]<\/p>\n","protected":false},"author":2,"featured_media":10144,"comment_status":"open","ping_status":"open","sticky":true,"template":"","format":"standard","meta":{"footnotes":""},"categories":[9,14,4],"tags":[],"class_list":["post-10143","post","type-post","status-publish","format-standard","has-post-thumbnail","hentry","category-estado","category-geral","category-rio-das-ostras"],"_links":{"self":[{"href":"https:\/\/blogdodanielgalvao.com.br\/site\/wp-json\/wp\/v2\/posts\/10143","targetHints":{"allow":["GET"]}}],"collection":[{"href":"https:\/\/blogdodanielgalvao.com.br\/site\/wp-json\/wp\/v2\/posts"}],"about":[{"href":"https:\/\/blogdodanielgalvao.com.br\/site\/wp-json\/wp\/v2\/types\/post"}],"author":[{"embeddable":true,"href":"https:\/\/blogdodanielgalvao.com.br\/site\/wp-json\/wp\/v2\/users\/2"}],"replies":[{"embeddable":true,"href":"https:\/\/blogdodanielgalvao.com.br\/site\/wp-json\/wp\/v2\/comments?post=10143"}],"version-history":[{"count":2,"href":"https:\/\/blogdodanielgalvao.com.br\/site\/wp-json\/wp\/v2\/posts\/10143\/revisions"}],"predecessor-version":[{"id":10146,"href":"https:\/\/blogdodanielgalvao.com.br\/site\/wp-json\/wp\/v2\/posts\/10143\/revisions\/10146"}],"wp:featuredmedia":[{"embeddable":true,"href":"https:\/\/blogdodanielgalvao.com.br\/site\/wp-json\/wp\/v2\/media\/10144"}],"wp:attachment":[{"href":"https:\/\/blogdodanielgalvao.com.br\/site\/wp-json\/wp\/v2\/media?parent=10143"}],"wp:term":[{"taxonomy":"category","embeddable":true,"href":"https:\/\/blogdodanielgalvao.com.br\/site\/wp-json\/wp\/v2\/categories?post=10143"},{"taxonomy":"post_tag","embeddable":true,"href":"https:\/\/blogdodanielgalvao.com.br\/site\/wp-json\/wp\/v2\/tags?post=10143"}],"curies":[{"name":"wp","href":"https:\/\/api.w.org\/{rel}","templated":true}]}}