{"id":10133,"date":"2024-04-05T14:53:55","date_gmt":"2024-04-05T17:53:55","guid":{"rendered":"https:\/\/blogdodanielgalvao.com.br\/site\/?p=10133"},"modified":"2024-04-11T17:42:16","modified_gmt":"2024-04-11T20:42:16","slug":"buzios-se-destaca-no-terceiro-encontro-regional-de-turismo","status":"publish","type":"post","link":"https:\/\/blogdodanielgalvao.com.br\/site\/buzios-se-destaca-no-terceiro-encontro-regional-de-turismo\/","title":{"rendered":"B\u00fazios se Destaca no Terceiro Encontro Regional de Turismo"},"content":{"rendered":"<p>O Terceiro Encontro Regional de Turismo teve in\u00edcio nesta quarta-feira (03), no Nova Friburgo Country Club, no munic\u00edpio de Nova Friburgo, RJ. O evento acontece at\u00e9 domingo (07), e re\u00fane as quatro Regi\u00f5es Tur\u00edsticas do Estado do Rio de Janeiro em colabora\u00e7\u00e3o com o Minist\u00e9rio do Turismo. Ao longo dos cinco dias do evento, o objetivo \u00e9 promover os destinos tur\u00edsticos das regi\u00f5es participantes, estimulando o turismo tanto em \u00e2mbito regional quanto nacional.<\/p>\n<figure class=\"wp-block-image size-large\"><img loading=\"lazy\" decoding=\"async\" class=\"wp-image-67986\" src=\"https:\/\/buzios.rj.gov.br\/wp-content\/uploads\/2024\/04\/WhatsApp-Image-2024-04-04-at-19.03.29-1024x768.jpeg\" sizes=\"auto, (max-width: 1024px) 100vw, 1024px\" srcset=\"https:\/\/buzios.rj.gov.br\/wp-content\/uploads\/2024\/04\/WhatsApp-Image-2024-04-04-at-19.03.29-1024x768.jpeg 1024w, https:\/\/buzios.rj.gov.br\/wp-content\/uploads\/2024\/04\/WhatsApp-Image-2024-04-04-at-19.03.29-300x225.jpeg 300w, https:\/\/buzios.rj.gov.br\/wp-content\/uploads\/2024\/04\/WhatsApp-Image-2024-04-04-at-19.03.29-768x576.jpeg 768w, https:\/\/buzios.rj.gov.br\/wp-content\/uploads\/2024\/04\/WhatsApp-Image-2024-04-04-at-19.03.29-150x113.jpeg 150w, https:\/\/buzios.rj.gov.br\/wp-content\/uploads\/2024\/04\/WhatsApp-Image-2024-04-04-at-19.03.29.jpeg 1200w\" width=\"1024\" height=\"768\" \/><\/figure>\n<p>Nesse contexto, B\u00fazios foi uma das protagonistas. A cidade encantou os visitantes com suas praias deslumbrantes e apresentou seu calend\u00e1rio de eventos para 2024.<\/p>\n<figure class=\"wp-block-image size-large\"><img loading=\"lazy\" decoding=\"async\" class=\"wp-image-67987\" src=\"https:\/\/buzios.rj.gov.br\/wp-content\/uploads\/2024\/04\/WhatsApp-Image-2024-04-04-at-18.55.54-579x1024.jpeg\" sizes=\"auto, (max-width: 579px) 100vw, 579px\" srcset=\"https:\/\/buzios.rj.gov.br\/wp-content\/uploads\/2024\/04\/WhatsApp-Image-2024-04-04-at-18.55.54-579x1024.jpeg 579w, https:\/\/buzios.rj.gov.br\/wp-content\/uploads\/2024\/04\/WhatsApp-Image-2024-04-04-at-18.55.54-170x300.jpeg 170w, https:\/\/buzios.rj.gov.br\/wp-content\/uploads\/2024\/04\/WhatsApp-Image-2024-04-04-at-18.55.54-150x265.jpeg 150w, https:\/\/buzios.rj.gov.br\/wp-content\/uploads\/2024\/04\/WhatsApp-Image-2024-04-04-at-18.55.54.jpeg 724w\" width=\"579\" height=\"1024\" \/><\/figure>\n<p>Durante o evento, o Secret\u00e1rio de Turismo, Maycon Siqueira, enfatizou a import\u00e2ncia da colabora\u00e7\u00e3o entre entidades e outras cidades na promo\u00e7\u00e3o do turismo. Ele destacou com satisfa\u00e7\u00e3o o fato de B\u00fazios ter sido classificada como o terceiro destino mais procurado para visitar no Brasil neste ano, evidenciando o trabalho eficaz da Secretaria de Turismo em divulgar os atrativos da cidade. Tamb\u00e9m somos o segundo do estado do Rio de Janeiro, perdendo somente para a capital, al\u00e9m de ser o sexto do pa\u00eds em \u00e2mbito internacional, no ranking da Embratur.<\/p>\n<figure class=\"wp-block-image size-large\"><img loading=\"lazy\" decoding=\"async\" class=\"wp-image-67988\" src=\"https:\/\/buzios.rj.gov.br\/wp-content\/uploads\/2024\/04\/WhatsApp-Image-2024-04-04-at-17.24.13-715x1024.jpeg\" sizes=\"auto, (max-width: 715px) 100vw, 715px\" srcset=\"https:\/\/buzios.rj.gov.br\/wp-content\/uploads\/2024\/04\/WhatsApp-Image-2024-04-04-at-17.24.13-715x1024.jpeg 715w, https:\/\/buzios.rj.gov.br\/wp-content\/uploads\/2024\/04\/WhatsApp-Image-2024-04-04-at-17.24.13-210x300.jpeg 210w, https:\/\/buzios.rj.gov.br\/wp-content\/uploads\/2024\/04\/WhatsApp-Image-2024-04-04-at-17.24.13-768x1100.jpeg 768w, https:\/\/buzios.rj.gov.br\/wp-content\/uploads\/2024\/04\/WhatsApp-Image-2024-04-04-at-17.24.13-1073x1536.jpeg 1073w, https:\/\/buzios.rj.gov.br\/wp-content\/uploads\/2024\/04\/WhatsApp-Image-2024-04-04-at-17.24.13-150x215.jpeg 150w, https:\/\/buzios.rj.gov.br\/wp-content\/uploads\/2024\/04\/WhatsApp-Image-2024-04-04-at-17.24.13.jpeg 1200w\" width=\"715\" height=\"1024\" \/><\/figure>\n<p>O evento continua at\u00e9 domingo (07), e a Secretaria de Turismo de B\u00fazios se faz presente para auxiliar os turistas com informa\u00e7\u00f5es sobre a cidade, proporcionando uma experi\u00eancia ainda mais acolhedora e completa para aqueles que desejam explorar as belezas naturais e culturais. B\u00fazios segue como uma pe\u00e7a-chave no cen\u00e1rio do turismo brasileiro.<\/p>\n<figure class=\"wp-block-image size-large\"><img loading=\"lazy\" decoding=\"async\" class=\"wp-image-67989\" src=\"https:\/\/buzios.rj.gov.br\/wp-content\/uploads\/2024\/04\/WhatsApp-Image-2024-04-04-at-19.05.02-1024x768.jpeg\" sizes=\"auto, (max-width: 1024px) 100vw, 1024px\" srcset=\"https:\/\/buzios.rj.gov.br\/wp-content\/uploads\/2024\/04\/WhatsApp-Image-2024-04-04-at-19.05.02-1024x768.jpeg 1024w, https:\/\/buzios.rj.gov.br\/wp-content\/uploads\/2024\/04\/WhatsApp-Image-2024-04-04-at-19.05.02-300x225.jpeg 300w, https:\/\/buzios.rj.gov.br\/wp-content\/uploads\/2024\/04\/WhatsApp-Image-2024-04-04-at-19.05.02-768x576.jpeg 768w, https:\/\/buzios.rj.gov.br\/wp-content\/uploads\/2024\/04\/WhatsApp-Image-2024-04-04-at-19.05.02-150x113.jpeg 150w, https:\/\/buzios.rj.gov.br\/wp-content\/uploads\/2024\/04\/WhatsApp-Image-2024-04-04-at-19.05.02.jpeg 1200w\" width=\"1024\" height=\"768\" \/><\/figure>\n","protected":false},"excerpt":{"rendered":"<p>O Terceiro Encontro Regional de Turismo teve in\u00edcio nesta quarta-feira (03), no Nova Friburgo Country Club, no munic\u00edpio de Nova Friburgo, RJ. O evento acontece at\u00e9 domingo (07), e re\u00fane as quatro Regi\u00f5es Tur\u00edsticas do Estado do Rio de Janeiro em colabora\u00e7\u00e3o com o Minist\u00e9rio do Turismo. Ao longo dos cinco dias do evento, o [&hellip;]<\/p>\n","protected":false},"author":2,"featured_media":10134,"comment_status":"open","ping_status":"open","sticky":true,"template":"","format":"standard","meta":{"footnotes":""},"categories":[824,9,14],"tags":[],"class_list":["post-10133","post","type-post","status-publish","format-standard","has-post-thumbnail","hentry","category-buzios","category-estado","category-geral"],"_links":{"self":[{"href":"https:\/\/blogdodanielgalvao.com.br\/site\/wp-json\/wp\/v2\/posts\/10133","targetHints":{"allow":["GET"]}}],"collection":[{"href":"https:\/\/blogdodanielgalvao.com.br\/site\/wp-json\/wp\/v2\/posts"}],"about":[{"href":"https:\/\/blogdodanielgalvao.com.br\/site\/wp-json\/wp\/v2\/types\/post"}],"author":[{"embeddable":true,"href":"https:\/\/blogdodanielgalvao.com.br\/site\/wp-json\/wp\/v2\/users\/2"}],"replies":[{"embeddable":true,"href":"https:\/\/blogdodanielgalvao.com.br\/site\/wp-json\/wp\/v2\/comments?post=10133"}],"version-history":[{"count":1,"href":"https:\/\/blogdodanielgalvao.com.br\/site\/wp-json\/wp\/v2\/posts\/10133\/revisions"}],"predecessor-version":[{"id":10135,"href":"https:\/\/blogdodanielgalvao.com.br\/site\/wp-json\/wp\/v2\/posts\/10133\/revisions\/10135"}],"wp:featuredmedia":[{"embeddable":true,"href":"https:\/\/blogdodanielgalvao.com.br\/site\/wp-json\/wp\/v2\/media\/10134"}],"wp:attachment":[{"href":"https:\/\/blogdodanielgalvao.com.br\/site\/wp-json\/wp\/v2\/media?parent=10133"}],"wp:term":[{"taxonomy":"category","embeddable":true,"href":"https:\/\/blogdodanielgalvao.com.br\/site\/wp-json\/wp\/v2\/categories?post=10133"},{"taxonomy":"post_tag","embeddable":true,"href":"https:\/\/blogdodanielgalvao.com.br\/site\/wp-json\/wp\/v2\/tags?post=10133"}],"curies":[{"name":"wp","href":"https:\/\/api.w.org\/{rel}","templated":true}]}}