{"id":10123,"date":"2024-04-03T16:41:05","date_gmt":"2024-04-03T19:41:05","guid":{"rendered":"https:\/\/blogdodanielgalvao.com.br\/site\/?p=10123"},"modified":"2024-04-04T17:58:52","modified_gmt":"2024-04-04T20:58:52","slug":"procon-orienta-sobre-direitos-dos-autistas","status":"publish","type":"post","link":"https:\/\/blogdodanielgalvao.com.br\/site\/procon-orienta-sobre-direitos-dos-autistas\/","title":{"rendered":"Procon orienta sobre direitos dos autistas"},"content":{"rendered":"<p>O Procon Rio das Ostras desenvolveu uma cartilha para orientar a popula\u00e7\u00e3o sobre os direitos das pessoas com Transtorno do Espectro Autista (TEA). Esse material est\u00e1 dispon\u00edvel no Portal da Prefeitura neste\u00a0<a href=\"https:\/\/www.riodasostras.rj.gov.br\/procon\/\">LINK<\/a>.<\/p>\n<p>A cartilha re\u00fane as principais leis sobre o tema, de forma a garantir direitos e inclus\u00e3o das pessoas autistas.<\/p>\n<p><strong>DIREITOS<\/strong>\u00a0\u2013 Desde 2012, com a institui\u00e7\u00e3o da Lei Berenice Piana (Lei 12.764\/12), os autistas s\u00e3o considerados pessoas com defici\u00eancia para todos os efeitos legais. Assim sendo, esse p\u00fablico tamb\u00e9m est\u00e1 amparado pelo C\u00f3digo de Defesa do Consumidor (Lei 8078\/90). O C\u00f3digo prev\u00ea que estabelecimentos que desrespeitam os direitos constitu\u00eddos das pessoas com defici\u00eancia podem ter penas agravadas.<\/p>\n<p>Em Rio das Ostras, o Procon faz vistorias aos estabelecimentos comerciais com objetivo de fiscalizar e orientar o com\u00e9rcio quanto aos direitos previstos na Legisla\u00e7\u00e3o, que incluem sinaliza\u00e7\u00f5es e informa\u00e7\u00f5es espec\u00edficas, al\u00e9m de vagas de estacionamento reservadas \u00e0s pessoas com Transtorno do Espectro Autista.<\/p>\n<p>\u201cA conscientiza\u00e7\u00e3o e a fiscaliza\u00e7\u00e3o cont\u00ednuas s\u00e3o essenciais para promover o bem-estar e a melhor qualidade de vida para todos\u201d, afirmou o coordenador executivo do Procon Rafael Macabu.<\/p>\n<p>Na ter\u00e7a-feira, 2 de abril, Rafael Macabu recebeu representantes do Conselho da Pessoa com Defici\u00eancia (COMDEF) e do grupo de Apoio \u00e0s M\u00e3es At\u00edpicas Riostrense (AMAR), que foram conhecer a cartilha e se unir ao Procon nesse movimento de informa\u00e7\u00e3o e conscientiza\u00e7\u00e3o da sociedade quanto aos direitos das pessoas autistas.<\/p>\n","protected":false},"excerpt":{"rendered":"<p>O Procon Rio das Ostras desenvolveu uma cartilha para orientar a popula\u00e7\u00e3o sobre os direitos das pessoas com Transtorno do Espectro Autista (TEA). Esse material est\u00e1 dispon\u00edvel no Portal da Prefeitura neste\u00a0LINK. A cartilha re\u00fane as principais leis sobre o tema, de forma a garantir direitos e inclus\u00e3o das pessoas autistas. DIREITOS\u00a0\u2013 Desde 2012, com [&hellip;]<\/p>\n","protected":false},"author":2,"featured_media":10124,"comment_status":"open","ping_status":"open","sticky":true,"template":"","format":"standard","meta":{"footnotes":""},"categories":[9,14,4],"tags":[],"class_list":["post-10123","post","type-post","status-publish","format-standard","has-post-thumbnail","hentry","category-estado","category-geral","category-rio-das-ostras"],"_links":{"self":[{"href":"https:\/\/blogdodanielgalvao.com.br\/site\/wp-json\/wp\/v2\/posts\/10123","targetHints":{"allow":["GET"]}}],"collection":[{"href":"https:\/\/blogdodanielgalvao.com.br\/site\/wp-json\/wp\/v2\/posts"}],"about":[{"href":"https:\/\/blogdodanielgalvao.com.br\/site\/wp-json\/wp\/v2\/types\/post"}],"author":[{"embeddable":true,"href":"https:\/\/blogdodanielgalvao.com.br\/site\/wp-json\/wp\/v2\/users\/2"}],"replies":[{"embeddable":true,"href":"https:\/\/blogdodanielgalvao.com.br\/site\/wp-json\/wp\/v2\/comments?post=10123"}],"version-history":[{"count":1,"href":"https:\/\/blogdodanielgalvao.com.br\/site\/wp-json\/wp\/v2\/posts\/10123\/revisions"}],"predecessor-version":[{"id":10125,"href":"https:\/\/blogdodanielgalvao.com.br\/site\/wp-json\/wp\/v2\/posts\/10123\/revisions\/10125"}],"wp:featuredmedia":[{"embeddable":true,"href":"https:\/\/blogdodanielgalvao.com.br\/site\/wp-json\/wp\/v2\/media\/10124"}],"wp:attachment":[{"href":"https:\/\/blogdodanielgalvao.com.br\/site\/wp-json\/wp\/v2\/media?parent=10123"}],"wp:term":[{"taxonomy":"category","embeddable":true,"href":"https:\/\/blogdodanielgalvao.com.br\/site\/wp-json\/wp\/v2\/categories?post=10123"},{"taxonomy":"post_tag","embeddable":true,"href":"https:\/\/blogdodanielgalvao.com.br\/site\/wp-json\/wp\/v2\/tags?post=10123"}],"curies":[{"name":"wp","href":"https:\/\/api.w.org\/{rel}","templated":true}]}}