{"id":10105,"date":"2024-03-29T08:43:14","date_gmt":"2024-03-29T11:43:14","guid":{"rendered":"https:\/\/blogdodanielgalvao.com.br\/site\/?p=10105"},"modified":"2024-03-28T18:48:35","modified_gmt":"2024-03-28T21:48:35","slug":"prefeitura-capacita-servidores-da-secretaria-de-servicos-publicos","status":"publish","type":"post","link":"https:\/\/blogdodanielgalvao.com.br\/site\/prefeitura-capacita-servidores-da-secretaria-de-servicos-publicos\/","title":{"rendered":"Prefeitura Capacita Servidores da Secretaria de Servi\u00e7os P\u00fablicos"},"content":{"rendered":"<p style=\"text-align: center;\"><strong><em>PREFEITURA PROMOVE CAPACITA\u00c7\u00c3O DE PRIMEIROS SOCORROS PARA SERVIDORES\u00a0DA SECRETARIA DE SERVI\u00c7OS P\u00daBLICOS\u00a0<\/em><\/strong><\/p>\n<div class=\"col-12\">\n<div class=\"leitura\">\n<p>A Prefeitura de Nova Friburgo, por meio da Escola Friburguense de Gest\u00e3o (EFG), que pertence \u00e0 Controladoria-Geral do munic\u00edpio, realizou na manh\u00e3 desta quarta-feira, 27, a capacita\u00e7\u00e3o de primeiros socorros. Desta vez, o p\u00fablico-alvo foram os servidores da Secretaria Municipal de Servi\u00e7os P\u00fablicos, que desempenham trabalhos de capina, limpeza, poda, ilumina\u00e7\u00e3o p\u00fablica, retirada de entulhos e res\u00edduos e desobstru\u00e7\u00e3o de bueiros no munic\u00edpio. A forma\u00e7\u00e3o \u00e9 conduzida pelo instrutor da EFG, Hebert Guimar\u00e3es. Estiveram presentes na capacita\u00e7\u00e3o a controladora-geral do munic\u00edpio, Kelle Barros, o secret\u00e1rio de Servi\u00e7os P\u00fablicos, Marcelo Silva, e servidores municipais.<\/p>\n<p>Os cursos visam apresentar no\u00e7\u00f5es b\u00e1sicas de primeiros socorros, oferecendo ao servidor o conhecimento necess\u00e1rio para poss\u00edveis emerg\u00eancias na rotina de atividades e, at\u00e9 mesmo, no dia a dia familiar e social, estando preparado e confiante para agir em momentos de crise.<\/p>\n<p>Cerca de 80 servidores da SSP participaram do treinamento, com certificado, que al\u00e9m de muito aprendizado para os presentes, o instrutor tamb\u00e9m p\u00f4de realizar demonstra\u00e7\u00f5es sobre como realizar \u00a0de forma correta, por exemplo, a Manobra de Heimlich, aplicando uma s\u00e9rie de press\u00f5es no abd\u00f4men para deslocar o objeto obstruidor. Tamb\u00e9m durante a capacita\u00e7\u00e3o, foi enfatizada a import\u00e2ncia de manter a calma e agir rapidamente diante de poss\u00edveis situa\u00e7\u00f5es de urg\u00eancia.<\/p>\n<\/div>\n<\/div>\n<div class=\"col-12\">\n<hr \/>\n<h3 class=\"titulo\" style=\"text-align: center;\">Imagens<\/h3>\n<p><img decoding=\"async\" class=\"aligncenter\" src=\"https:\/\/www.pmnf.rj.gov.br\/uploads\/noticia\/thumbs\/thumb_300x240_0288ad2c-ddf4-4307-929c-29f301407650.jpg\" alt=\"0288ad2c-ddf4-4307-929c-29f301407650.jpg\" \/><\/p>\n<p><img decoding=\"async\" class=\"aligncenter\" src=\"https:\/\/www.pmnf.rj.gov.br\/uploads\/noticia\/thumbs\/thumb_300x240_32f1d378-3b93-48d1-9fd4-937a524bcd0c.jpg\" alt=\"32f1d378-3b93-48d1-9fd4-937a524bcd0c.jpg\" \/><\/p>\n<\/div>\n","protected":false},"excerpt":{"rendered":"<p>PREFEITURA PROMOVE CAPACITA\u00c7\u00c3O DE PRIMEIROS SOCORROS PARA SERVIDORES\u00a0DA SECRETARIA DE SERVI\u00c7OS P\u00daBLICOS\u00a0 A Prefeitura de Nova Friburgo, por meio da Escola Friburguense de Gest\u00e3o (EFG), que pertence \u00e0 Controladoria-Geral do munic\u00edpio, realizou na manh\u00e3 desta quarta-feira, 27, a capacita\u00e7\u00e3o de primeiros socorros. Desta vez, o p\u00fablico-alvo foram os servidores da Secretaria Municipal de Servi\u00e7os P\u00fablicos, [&hellip;]<\/p>\n","protected":false},"author":2,"featured_media":10106,"comment_status":"open","ping_status":"open","sticky":true,"template":"","format":"standard","meta":{"footnotes":""},"categories":[9,14,321],"tags":[],"class_list":["post-10105","post","type-post","status-publish","format-standard","has-post-thumbnail","hentry","category-estado","category-geral","category-nova-friburgo"],"_links":{"self":[{"href":"https:\/\/blogdodanielgalvao.com.br\/site\/wp-json\/wp\/v2\/posts\/10105","targetHints":{"allow":["GET"]}}],"collection":[{"href":"https:\/\/blogdodanielgalvao.com.br\/site\/wp-json\/wp\/v2\/posts"}],"about":[{"href":"https:\/\/blogdodanielgalvao.com.br\/site\/wp-json\/wp\/v2\/types\/post"}],"author":[{"embeddable":true,"href":"https:\/\/blogdodanielgalvao.com.br\/site\/wp-json\/wp\/v2\/users\/2"}],"replies":[{"embeddable":true,"href":"https:\/\/blogdodanielgalvao.com.br\/site\/wp-json\/wp\/v2\/comments?post=10105"}],"version-history":[{"count":2,"href":"https:\/\/blogdodanielgalvao.com.br\/site\/wp-json\/wp\/v2\/posts\/10105\/revisions"}],"predecessor-version":[{"id":10108,"href":"https:\/\/blogdodanielgalvao.com.br\/site\/wp-json\/wp\/v2\/posts\/10105\/revisions\/10108"}],"wp:featuredmedia":[{"embeddable":true,"href":"https:\/\/blogdodanielgalvao.com.br\/site\/wp-json\/wp\/v2\/media\/10106"}],"wp:attachment":[{"href":"https:\/\/blogdodanielgalvao.com.br\/site\/wp-json\/wp\/v2\/media?parent=10105"}],"wp:term":[{"taxonomy":"category","embeddable":true,"href":"https:\/\/blogdodanielgalvao.com.br\/site\/wp-json\/wp\/v2\/categories?post=10105"},{"taxonomy":"post_tag","embeddable":true,"href":"https:\/\/blogdodanielgalvao.com.br\/site\/wp-json\/wp\/v2\/tags?post=10105"}],"curies":[{"name":"wp","href":"https:\/\/api.w.org\/{rel}","templated":true}]}}