{"id":10082,"date":"2024-03-21T09:31:40","date_gmt":"2024-03-21T12:31:40","guid":{"rendered":"https:\/\/blogdodanielgalvao.com.br\/site\/?p=10082"},"modified":"2024-03-21T09:34:32","modified_gmt":"2024-03-21T12:34:32","slug":"prefeitura-de-cabo-frio-vai-adequar-o-pccr-da-guarda-municipal-a-lei-federal","status":"publish","type":"post","link":"https:\/\/blogdodanielgalvao.com.br\/site\/prefeitura-de-cabo-frio-vai-adequar-o-pccr-da-guarda-municipal-a-lei-federal\/","title":{"rendered":"Prefeitura de Cabo Frio vai adequar o PCCR da Guarda Municipal \u00e0 lei federal"},"content":{"rendered":"<div class=\"elementor-element elementor-element-59a6cf4 elementor-widget elementor-widget-theme-post-content\" data-id=\"59a6cf4\" data-element_type=\"widget\" data-widget_type=\"theme-post-content.default\">\n<div class=\"elementor-widget-container\">\n<p style=\"text-align: center;\"><strong><em>\u00cdndice de adequa\u00e7\u00e3o ser\u00e1 de 70% sobre a<\/em>\u00a0Gratifica\u00e7\u00e3o por Regime Especial de Servi\u00e7o (<em>Gres)<\/em><\/strong><\/p>\n<p>A Prefeitura de Cabo Frio vai apresentar um Projeto de Lei (PL) \u00e0 C\u00e2mara Municipal para adequa\u00e7\u00e3o da Guarda Civil \u00e0 lei federal 13.022, que regula as guardas municipais de todo o pa\u00eds no que se refere ao Plano de Cargos, Carreiras e Remunera\u00e7\u00f5es (PCCR). O \u00edndice ser\u00e1 de 70% e vai incidir sobre a Gratifica\u00e7\u00e3o por Regime Especial de Servi\u00e7o (Gres). Ap\u00f3s o ajuste do PL pela Procuradoria, o documento ser\u00e1 enviado para o Legislativo para aprova\u00e7\u00e3o.<\/p>\n<p>O an\u00fancio da adequa\u00e7\u00e3o foi feito nesta quarta (20), no audit\u00f3rio municipal, pela prefeita Magdala Furtado, depois de um estudo de viabilidade financeira realizado pela Secretaria de Fazenda. A reuni\u00e3o contou com a presen\u00e7a de diversos agentes, do secret\u00e1rio de Direitos Humanos e Seguran\u00e7a, Andr\u00e9 Magalh\u00e3es, e de vereadores, como o coronel Ruy Fran\u00e7a, \u00c1tila Costa e Roberto de Jesus.<\/p>\n<p>\u201cEssa \u00e9 uma grande conquista, uma repara\u00e7\u00e3o com nossos agentes que aguardavam desde 2014 por essa adequa\u00e7\u00e3o. Ganha todo o munic\u00edpio, os nossos guardas\u201d, afirmou Magdala Furtado.<\/p>\n<p>Para o secret\u00e1rio de Direitos Humanos e Seguran\u00e7a, Andr\u00e9 Magalh\u00e3es \u00e9 um avan\u00e7o fundamental no que se refere \u00e0 carreira dos agentes, \u00e0 valoriza\u00e7\u00e3o e ao reconhecimento do trabalho dos guardas, que atuam em diferentes \u00e1reas no munic\u00edpio.<\/p>\n<p>\u201cPara al\u00e9m do ganho salarial, a grande conquista se refere \u00e0 carreira dos agentes, especialmente no que se refere \u00e0 aposentadoria. H\u00e1 tamb\u00e9m o ganho institucional porque agora a Guarda Civil Municipal (GCM) poder\u00e1 participar de diversos projetos federais que o Minist\u00e9rio da Justi\u00e7a e Seguran\u00e7a P\u00fablica oferece. Antes n\u00e3o era permitido participar por falta de atendimento \u00e0 lei federal\u201d, explicou Andr\u00e9, acrescentando que atualmente, a GCM conta com cerca de 400 agentes.<\/p>\n<figure class=\"wp-block-gallery has-nested-images columns-default is-cropped wp-block-gallery-1 is-layout-flex wp-block-gallery-is-layout-flex\">\n<figure class=\"wp-block-image size-large\"><img loading=\"lazy\" decoding=\"async\" class=\"wp-image-81059\" src=\"https:\/\/cabofrio.rj.gov.br\/wp-content\/uploads\/2024\/03\/DSC_6630-1024x683.jpg\" sizes=\"auto, (max-width: 1024px) 100vw, 1024px\" srcset=\"https:\/\/cabofrio.rj.gov.br\/wp-content\/uploads\/2024\/03\/DSC_6630-1024x683.jpg 1024w, https:\/\/cabofrio.rj.gov.br\/wp-content\/uploads\/2024\/03\/DSC_6630-300x200.jpg 300w, https:\/\/cabofrio.rj.gov.br\/wp-content\/uploads\/2024\/03\/DSC_6630-768x512.jpg 768w, https:\/\/cabofrio.rj.gov.br\/wp-content\/uploads\/2024\/03\/DSC_6630.jpg 1200w\" alt=\"\" width=\"1024\" height=\"683\" data-id=\"81059\" \/><\/figure>\n<figure class=\"wp-block-image size-large\"><img loading=\"lazy\" decoding=\"async\" class=\"wp-image-81060\" src=\"https:\/\/cabofrio.rj.gov.br\/wp-content\/uploads\/2024\/03\/WhatsApp-Image-2024-03-20-at-16.18.54-1024x683.jpeg\" sizes=\"auto, (max-width: 1024px) 100vw, 1024px\" srcset=\"https:\/\/cabofrio.rj.gov.br\/wp-content\/uploads\/2024\/03\/WhatsApp-Image-2024-03-20-at-16.18.54-1024x683.jpeg 1024w, https:\/\/cabofrio.rj.gov.br\/wp-content\/uploads\/2024\/03\/WhatsApp-Image-2024-03-20-at-16.18.54-300x200.jpeg 300w, https:\/\/cabofrio.rj.gov.br\/wp-content\/uploads\/2024\/03\/WhatsApp-Image-2024-03-20-at-16.18.54-768x512.jpeg 768w, https:\/\/cabofrio.rj.gov.br\/wp-content\/uploads\/2024\/03\/WhatsApp-Image-2024-03-20-at-16.18.54.jpeg 1200w\" alt=\"\" width=\"1024\" height=\"683\" data-id=\"81060\" \/><\/figure>\n<\/figure>\n<figure class=\"wp-block-gallery has-nested-images columns-default is-cropped wp-block-gallery-2 is-layout-flex wp-block-gallery-is-layout-flex\">\n<figure class=\"wp-block-image size-large\"><img loading=\"lazy\" decoding=\"async\" class=\"wp-image-81057\" src=\"https:\/\/cabofrio.rj.gov.br\/wp-content\/uploads\/2024\/03\/DJI_0240-1024x576.jpg\" sizes=\"auto, (max-width: 1024px) 100vw, 1024px\" srcset=\"https:\/\/cabofrio.rj.gov.br\/wp-content\/uploads\/2024\/03\/DJI_0240-1024x576.jpg 1024w, https:\/\/cabofrio.rj.gov.br\/wp-content\/uploads\/2024\/03\/DJI_0240-300x169.jpg 300w, https:\/\/cabofrio.rj.gov.br\/wp-content\/uploads\/2024\/03\/DJI_0240-768x432.jpg 768w, https:\/\/cabofrio.rj.gov.br\/wp-content\/uploads\/2024\/03\/DJI_0240.jpg 1200w\" alt=\"\" width=\"1024\" height=\"576\" data-id=\"81057\" \/><\/figure>\n<\/figure>\n<\/div>\n<\/div>\n","protected":false},"excerpt":{"rendered":"<p>\u00cdndice de adequa\u00e7\u00e3o ser\u00e1 de 70% sobre a\u00a0Gratifica\u00e7\u00e3o por Regime Especial de Servi\u00e7o (Gres) A Prefeitura de Cabo Frio vai apresentar um Projeto de Lei (PL) \u00e0 C\u00e2mara Municipal para adequa\u00e7\u00e3o da Guarda Civil \u00e0 lei federal 13.022, que regula as guardas municipais de todo o pa\u00eds no que se refere ao Plano de Cargos, [&hellip;]<\/p>\n","protected":false},"author":2,"featured_media":10083,"comment_status":"open","ping_status":"open","sticky":true,"template":"","format":"standard","meta":{"footnotes":""},"categories":[340,9,14],"tags":[],"class_list":["post-10082","post","type-post","status-publish","format-standard","has-post-thumbnail","hentry","category-cabo-frio","category-estado","category-geral"],"_links":{"self":[{"href":"https:\/\/blogdodanielgalvao.com.br\/site\/wp-json\/wp\/v2\/posts\/10082","targetHints":{"allow":["GET"]}}],"collection":[{"href":"https:\/\/blogdodanielgalvao.com.br\/site\/wp-json\/wp\/v2\/posts"}],"about":[{"href":"https:\/\/blogdodanielgalvao.com.br\/site\/wp-json\/wp\/v2\/types\/post"}],"author":[{"embeddable":true,"href":"https:\/\/blogdodanielgalvao.com.br\/site\/wp-json\/wp\/v2\/users\/2"}],"replies":[{"embeddable":true,"href":"https:\/\/blogdodanielgalvao.com.br\/site\/wp-json\/wp\/v2\/comments?post=10082"}],"version-history":[{"count":1,"href":"https:\/\/blogdodanielgalvao.com.br\/site\/wp-json\/wp\/v2\/posts\/10082\/revisions"}],"predecessor-version":[{"id":10084,"href":"https:\/\/blogdodanielgalvao.com.br\/site\/wp-json\/wp\/v2\/posts\/10082\/revisions\/10084"}],"wp:featuredmedia":[{"embeddable":true,"href":"https:\/\/blogdodanielgalvao.com.br\/site\/wp-json\/wp\/v2\/media\/10083"}],"wp:attachment":[{"href":"https:\/\/blogdodanielgalvao.com.br\/site\/wp-json\/wp\/v2\/media?parent=10082"}],"wp:term":[{"taxonomy":"category","embeddable":true,"href":"https:\/\/blogdodanielgalvao.com.br\/site\/wp-json\/wp\/v2\/categories?post=10082"},{"taxonomy":"post_tag","embeddable":true,"href":"https:\/\/blogdodanielgalvao.com.br\/site\/wp-json\/wp\/v2\/tags?post=10082"}],"curies":[{"name":"wp","href":"https:\/\/api.w.org\/{rel}","templated":true}]}}