{"id":10079,"date":"2024-03-20T09:30:22","date_gmt":"2024-03-20T12:30:22","guid":{"rendered":"https:\/\/blogdodanielgalvao.com.br\/site\/?p=10079"},"modified":"2024-03-21T09:34:21","modified_gmt":"2024-03-21T12:34:21","slug":"prefeito-participa-dos-34-anos-da-fundacao-da-infancia-e-juventude","status":"publish","type":"post","link":"https:\/\/blogdodanielgalvao.com.br\/site\/prefeito-participa-dos-34-anos-da-fundacao-da-infancia-e-juventude\/","title":{"rendered":"Prefeito participa dos 34 anos da Funda\u00e7\u00e3o da Inf\u00e2ncia e Juventude"},"content":{"rendered":"<p style=\"text-align: center;\"><strong><em>Foram celebrados tamb\u00e9m os 91 anos do Instituto Profissional S\u00e3o Jos\u00e9, institui\u00e7\u00e3o que cedeu o espa\u00e7o para a implanta\u00e7\u00e3o da ent\u00e3o Funda\u00e7\u00e3o do Menor, hoje FMIJ, no bairro da Lapa<\/em><\/strong><\/p>\n<div>\n<div>\u201cH\u00e1 34 anos, eu tinha apenas 5 anos de idade, e o jovem sonhador Anthony Garotinho, ent\u00e3o prefeito de Campos, criava a Funda\u00e7\u00e3o do Menor, que se transformou na Funda\u00e7\u00e3o Municipal da Inf\u00e2ncia e Juventude (FMIJ)\u201d. Com essas palavras, o prefeito Wladimir Garotinho abriu seu discurso, durante a solenidade de comemora\u00e7\u00e3o por mais um anivers\u00e1rio da FMIJ, celebrado nesta ter\u00e7a-feira (19). Foram comemorados tamb\u00e9m os 91 anos do Instituto Profissional S\u00e3o Jos\u00e9, que tem como presidente Elson da Silva Leal. Foi o instituto quem cedeu o espa\u00e7o para a implanta\u00e7\u00e3o da FMIJ, situada no bairro da Lapa.<\/div>\n<div><\/div>\n<div>Acompanhado da primeira-dama, Tassiana Oliveira, o prefeito parabenizou os profissionais que atuam na Funda\u00e7\u00e3o com amor e dedica\u00e7\u00e3o.<\/div>\n<div><\/div>\n<div><img loading=\"lazy\" decoding=\"async\" class=\"\" src=\"https:\/\/campos.rj.gov.br\/app\/admin\/assets\/noticias\/docs\/893fd516fc646afb21d9c397e06abfd3.jpeg\" width=\"1278\" height=\"851\" \/><\/p>\n<div><\/div>\n<div>\u201cO que falta no mundo \u00e9 respeito e empatia. Independente da posi\u00e7\u00e3o que a pessoa ocupa, o importante s\u00e3o as marcas que ela deixa e aquilo que constr\u00f3i. Quando assumimos o governo, encontramos a Funda\u00e7\u00e3o em completo estado de abandono. Naquela \u00e9poca, o or\u00e7amento anual para a institui\u00e7\u00e3o era de R$ 13 milh\u00f5es. Este ano, o or\u00e7amento supera R$ 30 milh\u00f5es destinados ao cuidado de crian\u00e7as e\u00a0 adolescentes. S\u00e3o mais de 20 modalidades de servi\u00e7os oferecidas, entre cursos e projetos, como o da Guarda Mirim\u201d, disse Wladimir, que levou o p\u00fablico presente a cantar \u201cParab\u00e9ns a Voc\u00ea\u201d para a FMIJ e, em seguida, tirou fotos segurando o bolo em comemora\u00e7\u00e3o ao anivers\u00e1rio.<\/div>\n<div><\/div>\n<div><img loading=\"lazy\" decoding=\"async\" class=\"\" src=\"https:\/\/campos.rj.gov.br\/app\/admin\/assets\/noticias\/docs\/e58de871ce6fbd436a44b68f50c664d0.jpg\" width=\"1279\" height=\"852\" \/><\/p>\n<div><\/div>\n<div>Junto da primeira-dama e do secret\u00e1rio municipal de Desenvolvimento Humano e Social, Rodrigo Carvalho, o prefeito entregou as chaves de duas vans zero quil\u00f4metro a Gerusa Nascimento e Romilda dos Santos Silva, que atuam em institui\u00e7\u00f5es do munic\u00edpio que atendem crian\u00e7as e adolescentes.<\/div>\n<div><\/div>\n<div>J\u00e1 os alunos que integram o projeto da Guarda Mirim desfilaram em contin\u00eancia ao prefeito e demais convidados. Cada adolescente recebe uma bolsa aux\u00edlio, segundo Wladimir, que citou o vice-presidente da FMIJ, Leandro Castelo, como exemplo de persist\u00eancia.<\/div>\n<div><\/div>\n<div><img loading=\"lazy\" decoding=\"async\" class=\"\" src=\"https:\/\/campos.rj.gov.br\/app\/admin\/assets\/noticias\/docs\/b37cbb88395984b8121f8f5307726f2e.jpg\" width=\"1278\" height=\"852\" \/><\/p>\n<div><\/div>\n<div>\u201cEle \u00e9 ex-assistido da Funda\u00e7\u00e3o e j\u00e1 vestiu uma farda igual a de voc\u00eas. Aprendeu a fazer amigos, ter disciplina, conviver em sociedade e seguiu com sua vida\u201d, afirmou o prefeito, que assistiu tamb\u00e9m ao musical \u201cRetrato de Inf\u00e2ncia\u201d, apresentado pelo Grupo Gotta, coordenado por Simone Jardim.<\/div>\n<div><\/div>\n<div>Houve, ainda, apresenta\u00e7\u00e3o das crian\u00e7as assistidas pelo Servi\u00e7os de Conviv\u00eancia e Fortalecimento de V\u00ednculos (SCVF), que declamaram a poesia \u201cParab\u00e9ns, Funda\u00e7\u00e3o\u201d, de autoria do facilitador de m\u00fasica Marcelo da Rosa. Em seguida, eles cantaram a m\u00fasica \u201cSemente do Amanh\u00e3\u201d, de Gonzaguinha.<\/div>\n<div><\/div>\n<div>A primeira-dama Tassiana Oliveira ressaltou que a FMIJ n\u00e3o tem apenas o objetivo de cuidar das crian\u00e7as e dos adolescentes, mas de promover um futuro melhor e qualidade de vida para todos eles.<\/div>\n<div><\/div>\n<div><img loading=\"lazy\" decoding=\"async\" class=\"\" src=\"https:\/\/campos.rj.gov.br\/app\/admin\/assets\/noticias\/docs\/de48a8662ce4ca8cfcf59a71dd0f165e.jpg\" width=\"1277\" height=\"851\" \/><\/p>\n<div><\/div>\n<div>\u201cA gente aqui, hoje, tem que comemorar a qualifica\u00e7\u00e3o, os cursos profissionalizantes, o esporte, a educa\u00e7\u00e3o, o cuidado e o respeito para com as crian\u00e7as que, muitas vezes, sofrem com situa\u00e7\u00e3o de vulnerabilidade, com a viol\u00eancia. Estou diariamente com muitas pessoas da Funda\u00e7\u00e3o e vejo o quanto essa equipe \u00e9 apaixonada pelo que faz, nas institui\u00e7\u00f5es, nos abrigos e nos acolhimentos\u201d, disse Tassiana.<\/div>\n<div><\/div>\n<div>O presidente da FMIJ, Diego Rodrigues, agradeceu ao prefeito pelo trabalho que vem exercendo nesses tr\u00eas anos de governo.<\/div>\n<div><\/div>\n<div><img loading=\"lazy\" decoding=\"async\" class=\"\" src=\"https:\/\/campos.rj.gov.br\/app\/admin\/assets\/noticias\/docs\/dc72793912c3542cbc6bf1973c7ec941.jpg\" width=\"1277\" height=\"851\" \/><\/div>\n<div><\/div>\n<div>\u201cN\u00e3o posso deixar de expressar a minha admira\u00e7\u00e3o e gratid\u00e3o ao prefeito, que tem feito um governo de amor genu\u00edno para com o povo, um governo de inclus\u00e3o. Tamb\u00e9m quero expressar minha gratid\u00e3o \u00e0 primeira-dama, que visita os acolhimentos e cuida de cada assistido, al\u00e9m do ex-presidente da Funda\u00e7\u00e3o, Leon Gomes, que fez um \u00e1rduo trabalho aqui\u201d, disse ele, ressaltando que, em breve, a Funda\u00e7\u00e3o passar\u00e1 a contar com um Centro de Equoterapia. J\u00e1 a obra da sala de artes marciais est\u00e1 em fase de finaliza\u00e7\u00e3o e a inaugura\u00e7\u00e3o, que seria nesta ter\u00e7a-feira, foi adiada. A nova data ser\u00e1 divulgada em breve.<\/div>\n<div><\/div>\n<div><img loading=\"lazy\" decoding=\"async\" class=\"\" src=\"https:\/\/campos.rj.gov.br\/app\/admin\/assets\/noticias\/docs\/1330ece68f501f11ca4d197ce756a94a.jpg\" width=\"1277\" height=\"851\" \/><\/div>\n<div><\/div>\n<div>O vice-presidente da FMIJ, Leandro Castelo, disse que o momento era de alegria. \u201cTodos sabem que a Funda\u00e7\u00e3o fez e faz parte da minha vida. Como ex-assistido, agrade\u00e7o imensamente pela pessoa que me tornei. Eu amo essa institui\u00e7\u00e3o e quem convive comigo diariamente sabe da minha luta. Agrade\u00e7o a cada um dos colaboradores da Funda\u00e7\u00e3o, desde as casas de acolhimento \u00e0 sede, Conselhos Tutelares, secret\u00e1rios municipais e ao trabalho incans\u00e1vel do prefeito e da primeira-dama. Acompanho a pol\u00edtica de nossa cidade h\u00e1 muito tempo e nunca vi uma primeira-dama t\u00e3o comprometida com a causa, como Tassiana\u201d, afirmou.<\/div>\n<div><\/div>\n<div>A estudante Emilly Andrade, 15 anos, passou a fazer parte do projeto Guarda Mirim no ano passado. Segundo ela, o sonho da sua m\u00e3e, hoje com 36 anos, era ser Guarda Mirim, mas n\u00e3o tinha idade para integrar a equipe.<\/div>\n<div><\/div>\n<div><img loading=\"lazy\" decoding=\"async\" class=\"\" src=\"https:\/\/campos.rj.gov.br\/app\/admin\/assets\/noticias\/docs\/f31b1b7c87c3c21c59903d49a74c6db1.jpg\" width=\"1278\" height=\"852\" \/><\/p>\n<div><\/div>\n<div>\u201cFiz minha inscri\u00e7\u00e3o para realizar o sonho da minha m\u00e3e e acabei gostando muito daqui. Aprendemos a ter disciplina e respeito para com o pr\u00f3ximo\u201d, contou a estudante.<\/div>\n<div><\/div>\n<div>J\u00e1 Carlos Alexandre da Silva Amaro, 15 anos, iniciou no projeto no \u00faltimo dia 11, quando foram formadas novas turmas.<\/div>\n<div><\/div>\n<div><img loading=\"lazy\" decoding=\"async\" class=\"\" src=\"https:\/\/campos.rj.gov.br\/app\/admin\/assets\/noticias\/docs\/e270f995a37c414a6ce31a973b23dcbb.jpg\" width=\"1277\" height=\"851\" \/><\/p>\n<div><\/div>\n<div>\u201cSempre tive curiosidade para saber como era o treinamento e agora sonho em entrar para o Ex\u00e9rcito\u201d, disse Carlos Alexandre.<\/div>\n<div><\/div>\n<\/div>\n<\/div>\n<\/div>\n<\/div>\n<\/div>\n<\/div>\n<\/div>\n<div><\/div>\n","protected":false},"excerpt":{"rendered":"<p>Foram celebrados tamb\u00e9m os 91 anos do Instituto Profissional S\u00e3o Jos\u00e9, institui\u00e7\u00e3o que cedeu o espa\u00e7o para a implanta\u00e7\u00e3o da ent\u00e3o Funda\u00e7\u00e3o do Menor, hoje FMIJ, no bairro da Lapa \u201cH\u00e1 34 anos, eu tinha apenas 5 anos de idade, e o jovem sonhador Anthony Garotinho, ent\u00e3o prefeito de Campos, criava a Funda\u00e7\u00e3o do Menor, [&hellip;]<\/p>\n","protected":false},"author":2,"featured_media":10080,"comment_status":"open","ping_status":"open","sticky":true,"template":"","format":"standard","meta":{"footnotes":""},"categories":[3,9,14],"tags":[],"class_list":["post-10079","post","type-post","status-publish","format-standard","has-post-thumbnail","hentry","category-campos","category-estado","category-geral"],"_links":{"self":[{"href":"https:\/\/blogdodanielgalvao.com.br\/site\/wp-json\/wp\/v2\/posts\/10079","targetHints":{"allow":["GET"]}}],"collection":[{"href":"https:\/\/blogdodanielgalvao.com.br\/site\/wp-json\/wp\/v2\/posts"}],"about":[{"href":"https:\/\/blogdodanielgalvao.com.br\/site\/wp-json\/wp\/v2\/types\/post"}],"author":[{"embeddable":true,"href":"https:\/\/blogdodanielgalvao.com.br\/site\/wp-json\/wp\/v2\/users\/2"}],"replies":[{"embeddable":true,"href":"https:\/\/blogdodanielgalvao.com.br\/site\/wp-json\/wp\/v2\/comments?post=10079"}],"version-history":[{"count":1,"href":"https:\/\/blogdodanielgalvao.com.br\/site\/wp-json\/wp\/v2\/posts\/10079\/revisions"}],"predecessor-version":[{"id":10081,"href":"https:\/\/blogdodanielgalvao.com.br\/site\/wp-json\/wp\/v2\/posts\/10079\/revisions\/10081"}],"wp:featuredmedia":[{"embeddable":true,"href":"https:\/\/blogdodanielgalvao.com.br\/site\/wp-json\/wp\/v2\/media\/10080"}],"wp:attachment":[{"href":"https:\/\/blogdodanielgalvao.com.br\/site\/wp-json\/wp\/v2\/media?parent=10079"}],"wp:term":[{"taxonomy":"category","embeddable":true,"href":"https:\/\/blogdodanielgalvao.com.br\/site\/wp-json\/wp\/v2\/categories?post=10079"},{"taxonomy":"post_tag","embeddable":true,"href":"https:\/\/blogdodanielgalvao.com.br\/site\/wp-json\/wp\/v2\/tags?post=10079"}],"curies":[{"name":"wp","href":"https:\/\/api.w.org\/{rel}","templated":true}]}}