{"id":10076,"date":"2024-03-19T09:37:16","date_gmt":"2024-03-19T12:37:16","guid":{"rendered":"https:\/\/blogdodanielgalvao.com.br\/site\/?p=10076"},"modified":"2024-03-19T09:37:21","modified_gmt":"2024-03-19T12:37:21","slug":"campos-representada-no-4-encontro-dos-gestores-de-cultura-do-rj","status":"publish","type":"post","link":"https:\/\/blogdodanielgalvao.com.br\/site\/campos-representada-no-4-encontro-dos-gestores-de-cultura-do-rj\/","title":{"rendered":"Campos representada no 4\u00b0 Encontro dos Gestores de Cultura do RJ"},"content":{"rendered":"<div>A presidente da Funda\u00e7\u00e3o Cultural Jornalista Oswaldo Lima (FCJOL), Auxiliadora Freitas, participou, nessa segunda-feira (18), do 4\u00ba Encontro Anual de Gestores de Cultura do Estado do Rio de Janeiro, que reuniu representantes de mais de 80 munic\u00edpios fluminenses. Realizado na sede do Sesc Copacabana, na capital, o evento foi promovido pela Secretaria de Estado de Cultura e Economia Criativa do Rio de Janeiro (Sececrj). No encontro, foram apresentados os resultados da Lei Paulo Gustavo (LPG) e os planos de execu\u00e7\u00e3o da Pol\u00edtica Nacional Aldir Blanc.<\/div>\n<div><\/div>\n<div>Recepcionada pela secret\u00e1ria de Estado de Cultura e Economia Criativa, Danielle Barros, Auxiliadora Freitas avaliou como positiva a reuni\u00e3o. \u201cSaio do encontro muito esperan\u00e7osa, pois vemos que a cultura voltou a ter voz, vez e pot\u00eancia. Somos muito importantes para a cadeia produtiva de todos os munic\u00edpios brasileiros. Danielle, quero te parabenizar pela gest\u00e3o pautada na integra\u00e7\u00e3o dos munic\u00edpios do RJ, sempre colaborando para que possamos ampliar nossa cadeia de servi\u00e7os aos agentes culturais e ao povo\u201d, pontuou.<\/div>\n<div><\/div>\n<div>Danielle Barros aproveitou o encontro com Auxiliadora Freitas para elogiar o \u00eaxito da gest\u00e3o cultural de Campos. \u201cFico muito feliz com o fato de que Campos est\u00e1 sempre presente, participando, atuando e contribuindo para que a gente entregue uma pol\u00edtica estadual de cultura que fale com as pessoas. Campos \u00e9 um exemplo de que podemos chegar nas diversas regi\u00f5es de um munic\u00edpio, por meio da escuta dos fazedores de cultura de cada territ\u00f3rio\u201d, afirmou.<\/div>\n<div><\/div>\n<div>Auxiliadora Freitas participou do 4\u00b0 Encontro dos Gestores de Cultura do RJ acompanhada do assessor de Marketing da FCJOL, Matheus Andrade. O evento da Sececrj contou com apoio do Minist\u00e9rio da Cultura (MinC), Sesc e Funda\u00e7\u00e3o Get\u00falio Vargas (FGV).<\/div>\n","protected":false},"excerpt":{"rendered":"<p>A presidente da Funda\u00e7\u00e3o Cultural Jornalista Oswaldo Lima (FCJOL), Auxiliadora Freitas, participou, nessa segunda-feira (18), do 4\u00ba Encontro Anual de Gestores de Cultura do Estado do Rio de Janeiro, que reuniu representantes de mais de 80 munic\u00edpios fluminenses. Realizado na sede do Sesc Copacabana, na capital, o evento foi promovido pela Secretaria de Estado de [&hellip;]<\/p>\n","protected":false},"author":2,"featured_media":10077,"comment_status":"open","ping_status":"open","sticky":true,"template":"","format":"standard","meta":{"footnotes":""},"categories":[3],"tags":[],"class_list":["post-10076","post","type-post","status-publish","format-standard","has-post-thumbnail","hentry","category-campos"],"_links":{"self":[{"href":"https:\/\/blogdodanielgalvao.com.br\/site\/wp-json\/wp\/v2\/posts\/10076","targetHints":{"allow":["GET"]}}],"collection":[{"href":"https:\/\/blogdodanielgalvao.com.br\/site\/wp-json\/wp\/v2\/posts"}],"about":[{"href":"https:\/\/blogdodanielgalvao.com.br\/site\/wp-json\/wp\/v2\/types\/post"}],"author":[{"embeddable":true,"href":"https:\/\/blogdodanielgalvao.com.br\/site\/wp-json\/wp\/v2\/users\/2"}],"replies":[{"embeddable":true,"href":"https:\/\/blogdodanielgalvao.com.br\/site\/wp-json\/wp\/v2\/comments?post=10076"}],"version-history":[{"count":1,"href":"https:\/\/blogdodanielgalvao.com.br\/site\/wp-json\/wp\/v2\/posts\/10076\/revisions"}],"predecessor-version":[{"id":10078,"href":"https:\/\/blogdodanielgalvao.com.br\/site\/wp-json\/wp\/v2\/posts\/10076\/revisions\/10078"}],"wp:featuredmedia":[{"embeddable":true,"href":"https:\/\/blogdodanielgalvao.com.br\/site\/wp-json\/wp\/v2\/media\/10077"}],"wp:attachment":[{"href":"https:\/\/blogdodanielgalvao.com.br\/site\/wp-json\/wp\/v2\/media?parent=10076"}],"wp:term":[{"taxonomy":"category","embeddable":true,"href":"https:\/\/blogdodanielgalvao.com.br\/site\/wp-json\/wp\/v2\/categories?post=10076"},{"taxonomy":"post_tag","embeddable":true,"href":"https:\/\/blogdodanielgalvao.com.br\/site\/wp-json\/wp\/v2\/tags?post=10076"}],"curies":[{"name":"wp","href":"https:\/\/api.w.org\/{rel}","templated":true}]}}