{"id":10073,"date":"2024-03-18T08:32:03","date_gmt":"2024-03-18T11:32:03","guid":{"rendered":"https:\/\/blogdodanielgalvao.com.br\/site\/?p=10073"},"modified":"2024-03-18T08:42:14","modified_gmt":"2024-03-18T11:42:14","slug":"municipio-amplia-trabalho-junto-a-adolescentes-e-jovens-em-conflito-com-a-lei","status":"publish","type":"post","link":"https:\/\/blogdodanielgalvao.com.br\/site\/municipio-amplia-trabalho-junto-a-adolescentes-e-jovens-em-conflito-com-a-lei\/","title":{"rendered":"Munic\u00edpio amplia trabalho junto a adolescentes e jovens em conflito com a Lei"},"content":{"rendered":"<p>Na manh\u00e3 de quinta-feira, 14 de mar\u00e7o, a secret\u00e1ria de Assist\u00eancia Social de Rio das Ostras, Eliara Fialho, recebeu a diretora de Parcerias do Departamento Geral de A\u00e7\u00f5es S\u00f3cio Educativas \u2013 Degase, Mirtes Bandeira, e a assistente e pedagoga Renata Moreira. O Degase \u00e9 o \u00f3rg\u00e3o do governo do Estado do Rio que executa as medidas judiciais aplicadas aos adolescentes em conflito com a Lei.<\/p>\n<p>O encontro teve como objetivo ampliar a reflex\u00e3o sobre os adolescentes e jovens em conflito com a Lei que est\u00e3o internados em cumprimento de medidas socioeducativas e a melhoria do atendimento aos jovens egressos do sistema.<\/p>\n<p>Durante a reuni\u00e3o foram apresentados os projetos de atendimento ao adolescente e jovem de Rio das Ostras e apontados os pontos mais complexos. O encontro buscou formas de avan\u00e7ar com as pol\u00edticas p\u00fablicas de atendimento a esse p\u00fablico, para evitar a reincid\u00eancia e a gravidade dos atos infracionais.<\/p>\n<p>Tamb\u00e9m foi destacado que o Munic\u00edpio foi um dos primeiros do Estado a ter o Plano Municipal de Medidas Socioeducativas em Meio Aberto, aprovado em 2008.<\/p>\n<p>Ficou acordado que Rio das Ostras receber\u00e1 o Termo de Parceria para an\u00e1lise a fim de implementar novas a\u00e7\u00f5es e estrat\u00e9gias para receber os jovens do Munic\u00edpio egressos do sistema e criar um plano de a\u00e7\u00e3o para qualific\u00e1-los, encaminh\u00e1-los ao mercado de trabalho e tamb\u00e9m incentiv\u00e1-los a permanecer no sistema educacional.<\/p>\n<p>Foi observado ainda que Rio das Ostras est\u00e1 bem avan\u00e7ado na execu\u00e7\u00e3o das medidas socioeducativas em meio aberto. A assessora t\u00e9cnica da secretaria de Assist\u00eancia Social, Giselly Le\u00e3o, informou que o Munic\u00edpio est\u00e1 se mobilizando para atualizar o Sistema Municipal de Medidas Socioeducativas \u2013 Simase. Na pauta, tamb\u00e9m foi levantada a proposta de realiza\u00e7\u00e3o de um f\u00f3rum e capacita\u00e7\u00e3o, para que o Munic\u00edpio avance nas a\u00e7\u00f5es desse setor.<\/p>\n<p>A secret\u00e1ria Eliara Fialho destacou que a Assist\u00eancia Social est\u00e1 atenta a essa demanda e que tem a\u00e7\u00f5es e projetos que priorizam os adolescentes em cumprimento de medidas.<br \/>\n\u201cDisponibilizamos vagas em cursos, projetos e, por meio do Creas, ofertamos apoio familiar para que possam juntos superar as dificuldades existentes nesse processo. Estamos empenhados em buscar cada vez mais alternativas e parcerias para amparar e fortalecer os jovens do nosso Munic\u00edpio\u201d, disse.<\/p>\n","protected":false},"excerpt":{"rendered":"<p>Na manh\u00e3 de quinta-feira, 14 de mar\u00e7o, a secret\u00e1ria de Assist\u00eancia Social de Rio das Ostras, Eliara Fialho, recebeu a diretora de Parcerias do Departamento Geral de A\u00e7\u00f5es S\u00f3cio Educativas \u2013 Degase, Mirtes Bandeira, e a assistente e pedagoga Renata Moreira. O Degase \u00e9 o \u00f3rg\u00e3o do governo do Estado do Rio que executa as [&hellip;]<\/p>\n","protected":false},"author":2,"featured_media":10074,"comment_status":"open","ping_status":"open","sticky":true,"template":"","format":"standard","meta":{"footnotes":""},"categories":[9,14,4],"tags":[],"class_list":["post-10073","post","type-post","status-publish","format-standard","has-post-thumbnail","hentry","category-estado","category-geral","category-rio-das-ostras"],"_links":{"self":[{"href":"https:\/\/blogdodanielgalvao.com.br\/site\/wp-json\/wp\/v2\/posts\/10073","targetHints":{"allow":["GET"]}}],"collection":[{"href":"https:\/\/blogdodanielgalvao.com.br\/site\/wp-json\/wp\/v2\/posts"}],"about":[{"href":"https:\/\/blogdodanielgalvao.com.br\/site\/wp-json\/wp\/v2\/types\/post"}],"author":[{"embeddable":true,"href":"https:\/\/blogdodanielgalvao.com.br\/site\/wp-json\/wp\/v2\/users\/2"}],"replies":[{"embeddable":true,"href":"https:\/\/blogdodanielgalvao.com.br\/site\/wp-json\/wp\/v2\/comments?post=10073"}],"version-history":[{"count":1,"href":"https:\/\/blogdodanielgalvao.com.br\/site\/wp-json\/wp\/v2\/posts\/10073\/revisions"}],"predecessor-version":[{"id":10075,"href":"https:\/\/blogdodanielgalvao.com.br\/site\/wp-json\/wp\/v2\/posts\/10073\/revisions\/10075"}],"wp:featuredmedia":[{"embeddable":true,"href":"https:\/\/blogdodanielgalvao.com.br\/site\/wp-json\/wp\/v2\/media\/10074"}],"wp:attachment":[{"href":"https:\/\/blogdodanielgalvao.com.br\/site\/wp-json\/wp\/v2\/media?parent=10073"}],"wp:term":[{"taxonomy":"category","embeddable":true,"href":"https:\/\/blogdodanielgalvao.com.br\/site\/wp-json\/wp\/v2\/categories?post=10073"},{"taxonomy":"post_tag","embeddable":true,"href":"https:\/\/blogdodanielgalvao.com.br\/site\/wp-json\/wp\/v2\/tags?post=10073"}],"curies":[{"name":"wp","href":"https:\/\/api.w.org\/{rel}","templated":true}]}}